{"id":49,"date":"2012-09-16T07:36:35","date_gmt":"2012-09-16T07:36:35","guid":{"rendered":"http:\/\/turmlahnstein.wordpress.com\/?p=49"},"modified":"2012-09-16T07:36:35","modified_gmt":"2012-09-16T07:36:35","slug":"bezirksliga-l3-nastatten-3-54-5","status":"publish","type":"post","link":"https:\/\/turm-lahnstein.de\/?p=49","title":{"rendered":"Bezirksliga: L3-Nast\u00e4tten 3.5:4.5"},"content":{"rendered":"<p>Das war knapp und \u00e4rgerlich! Auch ersatzgeschw\u00e4cht hatte unsere Dritte gute Chancen dank den Siegen von Michael Sefeloge, Mathieu und Gerhard. Leider gab es sonst nur ein Unentschieden von Axel zu verzeichnen.<\/p>\n<p><a href=\"http:\/\/www.ergebnisdienst.net\/2012_2013\/abfrage.php?liga=812_11\" target=\"_blank\" rel=\"noopener noreferrer\">[Ergebnisse]<\/a><\/p>\n","protected":false},"excerpt":{"rendered":"<p>Das war knapp und \u00e4rgerlich! Auch ersatzgeschw\u00e4cht hatte unsere Dritte gute Chancen dank den Siegen von Michael Sefeloge, Mathieu und Gerhard. Leider gab es sonst nur ein Unentschieden von Axel [&hellip;]<\/p>\n","protected":false},"author":2,"featured_media":0,"comment_status":"open","ping_status":"open","sticky":false,"template":"","format":"standard","meta":{"footnotes":""},"categories":[6],"tags":[7,8],"_links":{"self":[{"href":"https:\/\/turm-lahnstein.de\/index.php?rest_route=\/wp\/v2\/posts\/49"}],"collection":[{"href":"https:\/\/turm-lahnstein.de\/index.php?rest_route=\/wp\/v2\/posts"}],"about":[{"href":"https:\/\/turm-lahnstein.de\/index.php?rest_route=\/wp\/v2\/types\/post"}],"author":[{"embeddable":true,"href":"https:\/\/turm-lahnstein.de\/index.php?rest_route=\/wp\/v2\/users\/2"}],"replies":[{"embeddable":true,"href":"https:\/\/turm-lahnstein.de\/index.php?rest_route=%2Fwp%2Fv2%2Fcomments&post=49"}],"version-history":[{"count":0,"href":"https:\/\/turm-lahnstein.de\/index.php?rest_route=\/wp\/v2\/posts\/49\/revisions"}],"wp:attachment":[{"href":"https:\/\/turm-lahnstein.de\/index.php?rest_route=%2Fwp%2Fv2%2Fmedia&parent=49"}],"wp:term":[{"taxonomy":"category","embeddable":true,"href":"https:\/\/turm-lahnstein.de\/index.php?rest_route=%2Fwp%2Fv2%2Fcategories&post=49"},{"taxonomy":"post_tag","embeddable":true,"href":"https:\/\/turm-lahnstein.de\/index.php?rest_route=%2Fwp%2Fv2%2Ftags&post=49"}],"curies":[{"name":"wp","href":"https:\/\/api.w.org\/{rel}","templated":true}]}}