{"id":4893,"date":"2020-01-16T07:29:45","date_gmt":"2020-01-16T07:29:45","guid":{"rendered":"http:\/\/turm-lahnstein.de\/?p=4893"},"modified":"2020-01-16T07:29:45","modified_gmt":"2020-01-16T07:29:45","slug":"pressebericht-aktuelle-mannschaftskaempfe","status":"publish","type":"post","link":"https:\/\/turm-lahnstein.de\/?p=4893","title":{"rendered":"Pressebericht: Aktuelle Mannschaftsk\u00e4mpfe"},"content":{"rendered":"\n<p><img loading=\"lazy\" decoding=\"async\" width=\"254\" height=\"248\" class=\"wp-image-68\" style=\"width: 150px;\" alt=\"\" src=\"https:\/\/turm-lahnstein.de\/wp-content\/uploads\/2012\/09\/friedhelm_col.jpg\">Nach einem lebhaften Spielverlauf trennten sich in der Bezirksliga die zweite Mannschaft des  Schachvereins Turm Lahnstein und die dritte Vertretung des VfR Koblenz mit einem 3,5:3,5 Unentschieden.<\/p>\n\n\n<p><!--more--><\/p>\n\n\n<p> Aus Lahnsteiner Sicht ist insbesondere der Sieg von Hans-Joachim Will zu erw\u00e4hnen, der wegen zwei fehlender Stammspieler nach oben aufr\u00fccken musste und dann seine Partie am Spitzenbrett gewann. Auch Florian Auras und Lasse Werling gewannen ihre Partien f\u00fcr Lahnstein. David Meuer steuerte ein Remis bei.    Am selben Abend konnte die dritte Mannschaft vom Rhein-Lahn-Eck eine 1 : 3 Niederlage beim VfR Koblenz VI nicht vermeiden. Einzig Stefan Meuer gelang es einen Siegpunkt zu erzielen.  Beide Mannschaften haben am 1. Februar ihr n\u00e4chstes Spiel.   <\/p>\n","protected":false},"excerpt":{"rendered":"<p>Nach einem lebhaften Spielverlauf trennten sich in der Bezirksliga die zweite Mannschaft des Schachvereins Turm Lahnstein und die dritte Vertretung des VfR Koblenz mit einem 3,5:3,5 Unentschieden.<\/p>\n","protected":false},"author":4,"featured_media":0,"comment_status":"open","ping_status":"open","sticky":false,"template":"","format":"standard","meta":{"footnotes":""},"categories":[1],"tags":[],"_links":{"self":[{"href":"https:\/\/turm-lahnstein.de\/index.php?rest_route=\/wp\/v2\/posts\/4893"}],"collection":[{"href":"https:\/\/turm-lahnstein.de\/index.php?rest_route=\/wp\/v2\/posts"}],"about":[{"href":"https:\/\/turm-lahnstein.de\/index.php?rest_route=\/wp\/v2\/types\/post"}],"author":[{"embeddable":true,"href":"https:\/\/turm-lahnstein.de\/index.php?rest_route=\/wp\/v2\/users\/4"}],"replies":[{"embeddable":true,"href":"https:\/\/turm-lahnstein.de\/index.php?rest_route=%2Fwp%2Fv2%2Fcomments&post=4893"}],"version-history":[{"count":2,"href":"https:\/\/turm-lahnstein.de\/index.php?rest_route=\/wp\/v2\/posts\/4893\/revisions"}],"predecessor-version":[{"id":4895,"href":"https:\/\/turm-lahnstein.de\/index.php?rest_route=\/wp\/v2\/posts\/4893\/revisions\/4895"}],"wp:attachment":[{"href":"https:\/\/turm-lahnstein.de\/index.php?rest_route=%2Fwp%2Fv2%2Fmedia&parent=4893"}],"wp:term":[{"taxonomy":"category","embeddable":true,"href":"https:\/\/turm-lahnstein.de\/index.php?rest_route=%2Fwp%2Fv2%2Fcategories&post=4893"},{"taxonomy":"post_tag","embeddable":true,"href":"https:\/\/turm-lahnstein.de\/index.php?rest_route=%2Fwp%2Fv2%2Ftags&post=4893"}],"curies":[{"name":"wp","href":"https:\/\/api.w.org\/{rel}","templated":true}]}}