{"id":485,"date":"2013-03-25T21:16:12","date_gmt":"2013-03-25T21:16:12","guid":{"rendered":"http:\/\/turmlahnstein.wordpress.com\/?p=485"},"modified":"2013-03-25T21:16:12","modified_gmt":"2013-03-25T21:16:12","slug":"die-rheinland-meisterschaft-lauft","status":"publish","type":"post","link":"https:\/\/turm-lahnstein.de\/?p=485","title":{"rendered":"Die Rheinland-Meisterschaft l\u00e4uft&#8230;"},"content":{"rendered":"<p>Dieses Jahr wird unser Verein bei der Rheinland-Meisterschaft in Idar-Oberstein durch\u00a0 Alina, Sabrina und Peter vertreten. Peter &#8211; Fahrer, Betreuer, Trainer, Fan, Teilnehmer und Reporter in Personalunion &#8211; berichtet \u00fcber die ersten zwei Tage!<!--more--><strong><\/strong><\/p>\n<p>&nbsp;<\/p>\n<p><strong>Tag 1: Die Rheinlandmeisterschaft ist gestartet<\/strong><\/p>\n<p>Die Rheinlandmeisterschaft der Senioren findet dieses Jahr in Idar-Oberstein statt. Im Hauptturnier nehmen aus Lahnstein Alina, Sabrina und Peter teil. Alina in Runde 1 gegen die Nr.5 der Setzliste. \u00dcber 3 Stunden stand die umk\u00e4mpfte Partie im Gleichgewicht. Dann setzte sich langsam ihr erfahrener Gegner durch und konnte ihre Schw\u00e4chen nutzen. In Runde 2 musste sie gegen den Topgesetzten ran, der die 1.Runde ungl\u00fccklich verlor. Hier war leider nichts zu machen. Sabrina spielte in Runde 1 gegen die Nr.3. und ging diesen direkt aus der Er\u00f6ffnung heftig an. Eine kleine Unachtsamkeit nutzte dieser zum Materialgewinn. Noch war alles drin, leider spielte sie mit 2 Bauern weniger zu passiv gegen den unrochierten K\u00f6nig und der Gegner konnte seinen Materialvorteil verwerten. In Runde 2 hatte sie einen hinter ihr gesetzten Gegner und gewann sicher. Peter konnte 2x gewinnen.<\/p>\n<p><strong>Tag 2: Rheinlandmeisterschaft 1-2 statt 3-0<\/strong><\/p>\n<p>Leider kein guter Tag f\u00fcr die 3 Lahnsteiner. Alina hatte lange deutlichen Materialvorteil, verlor diesen aber leider wieder, Remis. Sabrina nach wechselvollem Verlauf kann wie auch ihr Gegner die Chancen nicht nutzen, Remis. Peter langen mit klarem Positionsvorteil, \u00fcbersieht einen Einschlag und verliert. Am n\u00e4chsten Donnerstag steht wieder eine Doppelrunde an und wir haben uns vorgenommen es da besser zu machen.<\/p>\n","protected":false},"excerpt":{"rendered":"<p>Dieses Jahr wird unser Verein bei der Rheinland-Meisterschaft in Idar-Oberstein durch\u00a0 Alina, Sabrina und Peter vertreten. Peter &#8211; Fahrer, Betreuer, Trainer, Fan, Teilnehmer und Reporter in Personalunion &#8211; berichtet \u00fcber [&hellip;]<\/p>\n","protected":false},"author":2,"featured_media":0,"comment_status":"open","ping_status":"open","sticky":false,"template":"","format":"standard","meta":{"footnotes":""},"categories":[24],"tags":[71,128,83,139,78],"_links":{"self":[{"href":"https:\/\/turm-lahnstein.de\/index.php?rest_route=\/wp\/v2\/posts\/485"}],"collection":[{"href":"https:\/\/turm-lahnstein.de\/index.php?rest_route=\/wp\/v2\/posts"}],"about":[{"href":"https:\/\/turm-lahnstein.de\/index.php?rest_route=\/wp\/v2\/types\/post"}],"author":[{"embeddable":true,"href":"https:\/\/turm-lahnstein.de\/index.php?rest_route=\/wp\/v2\/users\/2"}],"replies":[{"embeddable":true,"href":"https:\/\/turm-lahnstein.de\/index.php?rest_route=%2Fwp%2Fv2%2Fcomments&post=485"}],"version-history":[{"count":0,"href":"https:\/\/turm-lahnstein.de\/index.php?rest_route=\/wp\/v2\/posts\/485\/revisions"}],"wp:attachment":[{"href":"https:\/\/turm-lahnstein.de\/index.php?rest_route=%2Fwp%2Fv2%2Fmedia&parent=485"}],"wp:term":[{"taxonomy":"category","embeddable":true,"href":"https:\/\/turm-lahnstein.de\/index.php?rest_route=%2Fwp%2Fv2%2Fcategories&post=485"},{"taxonomy":"post_tag","embeddable":true,"href":"https:\/\/turm-lahnstein.de\/index.php?rest_route=%2Fwp%2Fv2%2Ftags&post=485"}],"curies":[{"name":"wp","href":"https:\/\/api.w.org\/{rel}","templated":true}]}}