{"id":475,"date":"2013-03-21T08:37:30","date_gmt":"2013-03-21T08:37:30","guid":{"rendered":"http:\/\/turmlahnstein.wordpress.com\/?p=475"},"modified":"2013-03-21T08:37:30","modified_gmt":"2013-03-21T08:37:30","slug":"lahnsteins-zweite-dritter-der-rheinland-liga","status":"publish","type":"post","link":"https:\/\/turm-lahnstein.de\/?p=475","title":{"rendered":"Lahnsteins Zweite Dritter der Rheinland-Liga"},"content":{"rendered":"<p><img loading=\"lazy\" decoding=\"async\" class=\"alignright size-thumbnail wp-image-68\" alt=\"friedhelm_col\" src=\"https:\/\/turm-lahnstein.de\/wp-content\/uploads\/2012\/09\/friedhelm_col.jpg?w=150\" width=\"150\" height=\"146\" \/>Von den f\u00fcnf Mannschaften im Spielbetrieb der Erwachsenen beendete die zweite Mannschaft des Schachvereins Turm Lahnstein als erste ihr Spieljahr. Die Rheinland-Liga trug ihre letzte Runde bereits zum zwanzigsten Mal zentral f\u00fcr alle Mannschaften aus, dieses Jahr ausgerichtet von den SF Sinzig. F\u00fcr die Rhein-Lahn-St\u00e4dter verlief die Saison erfolgreich.<!--more--> In den mehr als zehn Jahren Zugeh\u00f6rigkeit zur Rheinland-Liga konnte die Mannschaft noch nie einen dritten Platz wie in diesem Jahr erreichen und auch die Punkteausbeute mit 12 : 6 ist \u00fcppig wie noch nie zuvor.<\/p>\n<p>Es konnten durchweg erfreuliche Einzelergebnisse erzielt werden, aus denen Werner Sonnhoff mit 6 Punkten aus 8 Partien und J\u00f6rg Kap mit 6 aus 7 herausragen. Beide Spieler errangen damit an ihren Brettern sechs und acht die Brettmeisterschaft dieser Spielklasse. Zum Erfolg trugen auch die regelm\u00e4\u00dfig zum Einsatz gekommenen Thomas Buch (5,5 aus 8), Friedhelm Schneider (5,5 aus 9), Lukas Usczeck (4,5 aus 7), Peter Schreieck (4,5 aus 9), Adrian Persch (4 aus 8) und Florian Auras (1,5 aus 4) bei.<\/p>\n<p>Meister der Rheinland-Liga wurde die dritte Mannschaft des SV Koblenz.<\/p>\n","protected":false},"excerpt":{"rendered":"<p>Von den f\u00fcnf Mannschaften im Spielbetrieb der Erwachsenen beendete die zweite Mannschaft des Schachvereins Turm Lahnstein als erste ihr Spieljahr. Die Rheinland-Liga trug ihre letzte Runde bereits zum zwanzigsten Mal [&hellip;]<\/p>\n","protected":false},"author":2,"featured_media":0,"comment_status":"open","ping_status":"open","sticky":false,"template":"","format":"standard","meta":{"footnotes":""},"categories":[11,26],"tags":[65,138,33,107,77,113,92,94],"_links":{"self":[{"href":"https:\/\/turm-lahnstein.de\/index.php?rest_route=\/wp\/v2\/posts\/475"}],"collection":[{"href":"https:\/\/turm-lahnstein.de\/index.php?rest_route=\/wp\/v2\/posts"}],"about":[{"href":"https:\/\/turm-lahnstein.de\/index.php?rest_route=\/wp\/v2\/types\/post"}],"author":[{"embeddable":true,"href":"https:\/\/turm-lahnstein.de\/index.php?rest_route=\/wp\/v2\/users\/2"}],"replies":[{"embeddable":true,"href":"https:\/\/turm-lahnstein.de\/index.php?rest_route=%2Fwp%2Fv2%2Fcomments&post=475"}],"version-history":[{"count":0,"href":"https:\/\/turm-lahnstein.de\/index.php?rest_route=\/wp\/v2\/posts\/475\/revisions"}],"wp:attachment":[{"href":"https:\/\/turm-lahnstein.de\/index.php?rest_route=%2Fwp%2Fv2%2Fmedia&parent=475"}],"wp:term":[{"taxonomy":"category","embeddable":true,"href":"https:\/\/turm-lahnstein.de\/index.php?rest_route=%2Fwp%2Fv2%2Fcategories&post=475"},{"taxonomy":"post_tag","embeddable":true,"href":"https:\/\/turm-lahnstein.de\/index.php?rest_route=%2Fwp%2Fv2%2Ftags&post=475"}],"curies":[{"name":"wp","href":"https:\/\/api.w.org\/{rel}","templated":true}]}}