{"id":4681,"date":"2019-12-05T07:25:56","date_gmt":"2019-12-05T07:25:56","guid":{"rendered":"https:\/\/turmlahnstein.wordpress.com\/?p=4681"},"modified":"2019-12-05T07:25:56","modified_gmt":"2019-12-05T07:25:56","slug":"vereinspokal-2019david-meuer-gewinnt-den-vereinspokal","status":"publish","type":"post","link":"https:\/\/turm-lahnstein.de\/?p=4681","title":{"rendered":"Vereinspokal 2019:David Meuer gewinnt den Vereinspokal"},"content":{"rendered":"<p><em>Bericht von Turnierleiter Michael Sefeloge:<\/em><\/p>\n<p>Der diesj\u00e4hrige Vereinspokal sah mit zehn Teilnehmern eine sicher noch ausbauf\u00e4hige Beteiligung am Start. Ein bunt gemischtes Feld hatte sich gemeldet, so war die j\u00fcngste Teilnehmerin Johanna Lenz erst neun Jahre alt, w\u00e4hrend Elmar Wiskirchen ja bereits 80 Jahre auf den Schultern (oder den Beinen) tr\u00e4gt.<!--more--><\/p>\n<p>Zu Beginn agierte Johanna als Gl\u00fccksfee:<\/p>\n<ol>\n<li>Runde<\/li>\n<\/ol>\n<table>\n<tbody>\n<tr>\n<td width=\"201\">Dilja Meuer<\/td>\n<td width=\"201\">0:1<\/td>\n<td width=\"201\"><strong>Elmar Wiskirchen<\/strong><\/td>\n<\/tr>\n<tr>\n<td width=\"201\"><strong>David Meuer<\/strong><\/td>\n<td width=\"201\">1:0<\/td>\n<td width=\"201\">Peter Bida<\/td>\n<\/tr>\n<tr>\n<td width=\"201\"><strong>Kurt Sanner<\/strong><\/td>\n<td width=\"201\">1:0<\/td>\n<td width=\"201\">Joshua Lenz<\/td>\n<\/tr>\n<tr>\n<td width=\"201\"><strong>Christian Samtleben<\/strong><\/td>\n<td width=\"201\">1:0<\/td>\n<td width=\"201\">Jonathan Lenz<\/td>\n<\/tr>\n<tr>\n<td width=\"201\">Johanna Lenz<\/td>\n<td width=\"201\">0:1<\/td>\n<td width=\"201\"><strong>Lasse Werling<\/strong><\/td>\n<\/tr>\n<\/tbody>\n<\/table>\n<p>&nbsp;<\/p>\n<ol start=\"2\">\n<li>Runde<\/li>\n<\/ol>\n<table>\n<tbody>\n<tr>\n<td width=\"201\">Lasse Werling<\/td>\n<td width=\"201\">0:1<\/td>\n<td width=\"201\"><strong>Kurt Sanner<\/strong><\/td>\n<\/tr>\n<tr>\n<td width=\"201\">Christian Samtleben<\/td>\n<td width=\"201\">0:1<\/td>\n<td width=\"201\"><strong>David Meuer<\/strong><\/td>\n<\/tr>\n<\/tbody>\n<\/table>\n<p>&nbsp;<\/p>\n<ol start=\"3\">\n<li>Runde<\/li>\n<\/ol>\n<table>\n<tbody>\n<tr>\n<td width=\"201\"><strong>David Meuer<\/strong><\/td>\n<td width=\"201\">1:0<\/td>\n<td width=\"201\">Elmar Wiskirchen<\/td>\n<\/tr>\n<\/tbody>\n<\/table>\n<p>&nbsp;<\/p>\n<p>Endspiel<\/p>\n<table>\n<tbody>\n<tr>\n<td width=\"201\">Kurt Sanner<\/td>\n<td width=\"201\">Remis (Blitz 1:2)<\/td>\n<td width=\"201\"><strong>David Meuer<\/strong><\/td>\n<\/tr>\n<\/tbody>\n<\/table>\n<p>&nbsp;<\/p>\n<p>Damit schaffte es David, mit <strong>elf<\/strong> Jahren sich seinen ersten Vereinstitel zu sichern. Herzlichen Gl\u00fcckwunsch und weiter so!<\/p>\n<p>Kurt Sanner konnte im Endspiel mit einem Minusbauer locker Remis halten, weil der L\u00e4ufer von David sich selbst zu einer Art Gro\u00dfbauer degradiert hatte, der nicht ziehen konnte. Im Blitzen gewann Kurt Sanner mit Wei\u00df die erste Partie, musste aber mit den schwarzen Steinen passen. Also musste noch eine dritte Partie gespielt werden, wo David Wei\u00df zog und die Partie sicher gewinnen konnte.<\/p>\n<p>Die Siegerehrung findet am 20. Dezember w\u00e4hrend unserer Weihnachtsfeier statt.<\/p>\n","protected":false},"excerpt":{"rendered":"<p>Bericht von Turnierleiter Michael Sefeloge: Der diesj\u00e4hrige Vereinspokal sah mit zehn Teilnehmern eine sicher noch ausbauf\u00e4hige Beteiligung am Start. Ein bunt gemischtes Feld hatte sich gemeldet, so war die j\u00fcngste [&hellip;]<\/p>\n","protected":false},"author":4,"featured_media":0,"comment_status":"closed","ping_status":"closed","sticky":false,"template":"","format":"standard","meta":{"footnotes":""},"categories":[1],"tags":[],"_links":{"self":[{"href":"https:\/\/turm-lahnstein.de\/index.php?rest_route=\/wp\/v2\/posts\/4681"}],"collection":[{"href":"https:\/\/turm-lahnstein.de\/index.php?rest_route=\/wp\/v2\/posts"}],"about":[{"href":"https:\/\/turm-lahnstein.de\/index.php?rest_route=\/wp\/v2\/types\/post"}],"author":[{"embeddable":true,"href":"https:\/\/turm-lahnstein.de\/index.php?rest_route=\/wp\/v2\/users\/4"}],"replies":[{"embeddable":true,"href":"https:\/\/turm-lahnstein.de\/index.php?rest_route=%2Fwp%2Fv2%2Fcomments&post=4681"}],"version-history":[{"count":0,"href":"https:\/\/turm-lahnstein.de\/index.php?rest_route=\/wp\/v2\/posts\/4681\/revisions"}],"wp:attachment":[{"href":"https:\/\/turm-lahnstein.de\/index.php?rest_route=%2Fwp%2Fv2%2Fmedia&parent=4681"}],"wp:term":[{"taxonomy":"category","embeddable":true,"href":"https:\/\/turm-lahnstein.de\/index.php?rest_route=%2Fwp%2Fv2%2Fcategories&post=4681"},{"taxonomy":"post_tag","embeddable":true,"href":"https:\/\/turm-lahnstein.de\/index.php?rest_route=%2Fwp%2Fv2%2Ftags&post=4681"}],"curies":[{"name":"wp","href":"https:\/\/api.w.org\/{rel}","templated":true}]}}