{"id":4643,"date":"2019-11-04T19:14:15","date_gmt":"2019-11-04T19:14:15","guid":{"rendered":"https:\/\/turmlahnstein.wordpress.com\/?p=4643"},"modified":"2019-11-04T19:14:15","modified_gmt":"2019-11-04T19:14:15","slug":"rlo-2019","status":"publish","type":"post","link":"https:\/\/turm-lahnstein.de\/?p=4643","title":{"rendered":"RLO 2019"},"content":{"rendered":"<p><img loading=\"lazy\" decoding=\"async\" class=\"alignright size-large wp-image-4660\" src=\"https:\/\/turm-lahnstein.de\/wp-content\/uploads\/2019\/11\/p1010015.jpg?w=611\" alt=\"\" width=\"611\" height=\"458\" srcset=\"https:\/\/turm-lahnstein.de\/wp-content\/uploads\/2019\/11\/p1010015.jpg 1200w, https:\/\/turm-lahnstein.de\/wp-content\/uploads\/2019\/11\/p1010015-300x225.jpg 300w, https:\/\/turm-lahnstein.de\/wp-content\/uploads\/2019\/11\/p1010015-1024x768.jpg 1024w, https:\/\/turm-lahnstein.de\/wp-content\/uploads\/2019\/11\/p1010015-768x576.jpg 768w\" sizes=\"(max-width: 611px) 100vw, 611px\" \/>Zu unserem diesj\u00e4hrigen Jugendopen durften wir 59 Teilnehmer begr\u00fc\u00dfen, womit wir sehr zufrieden waren. Das Turnier lief relativ glatt ab und doch gerieten wir zeitlich leicht in Verzug, so dass es kurz nach 18:00 Uhr wurde. Sorry an alle, die einen Anschlusstermin hatten, wir versuchen es n\u00e4chstes Jahr wieder ein wenig z\u00fcgiger durchzuziehen.<!--more--><br \/>\nAls Schiedsrichter konnte ich unsere Sch\u00fcler nicht so intensiv beobachten und so beschr\u00e4nkt sich der Bericht auf die Spitzenplatzierungen in den Altersklassen. Beim n\u00e4chsten Turnier habe ich wieder mehr Zeit auf die einzelnen Lahnsteiner Spieler einzugehen.<br \/>\nIn unserem Open spielen alle Jugendlichen in einem Turnier und danach wird nach Altersklassen ausgewertet. Der Gesamtsieg ist nat\u00fcrlich f\u00fcr uns ein wenig prestigetr\u00e4chtig und kam f\u00fcr unsere Talente noch ein wenig zu fr\u00fch. Beherrscht wurde das Turnier von den Kastellaunern Fabio Michels und vor allem Jan Boder, der es schaffte alle Partien zu gewinnen und damit nat\u00fcrlich auch die U16, w\u00e4hrend Fabio nur gegen Jan verlor und erster U18 wurde. 2.U18 wurde Paul Plum\/SV Koblenz vor Tim Busley\/Bad H\u00f6nningen. Hinter Jan kamen Finn Meurer (Mendig-Mayen 2.) und Klaus Bast (Hillscheid 3.) ins Ziel.<br \/>\nIn der U14 konnte dann der erste Lahnsteiner einen Pokal einheimsen. Nach einem guten Turnier wurde David Meuer Sieger in seiner Altersklasse und bester Lahnsteiner im Gesamtfeld. Zweiter wurde der stark aufspielende Marko Nedilko aus Kastellaun, vor den Lahnsteinern Lasse Werling (3.) und etwas ungl\u00fccklich Jonathan Lenz (4.). Alle 4 hatten 5 Punkte aus den sieben Runden geholt und wurden nur durch die Feinwertung getrennt.<br \/>\nIn der U12 dr\u00fcckten der favorisierte Fabian Mader\/VFR Koblenz und Ennio Klar aus Bendorf ihren Stempel auf. Beide holten ebenfalls starke 5 Punkte mit leichtem Buchholzvorteil f\u00fcr Fabian. Dritter wurde Jan Scheider\/Kastellaun mit 4 Punkten.<br \/>\n4 Punkte sind f\u00fcr die U10er schon eine au\u00dfergew\u00f6hnliche Leistung. Dies schafften immerhin 3 Teilnehmer. Michel Fettig (3.Platz) und Paul Pfl\u00e4ging (2.Platz) aus Kastellaun, dazu unser T\u00fcrmler Niclas Elbert, wobei hier erst die Drittwertung \u00fcber den Sieg entschied. Nach zuletzt einigen Treppchen Platzierungen war er das erste Mal ganz vorne.<br \/>\nDie U8 gewann Luis Michels (3,5 Punkte) aus Kastellaun vor Jones Kew vom VFR Koblenz. Aus unsere j\u00fcngsten Trainingsgruppe traute sich der sechsj\u00e4hrige Adem G\u00fclen schon ins Haifischbecken der Turnierspieler und konnte erste Erfahrungen sammeln. Mit 2 Siegen konnte er in seiner Altersgruppe sogar den 3.Platz erreichen. Seine erste Medaille war der Lohn.<br \/>\nDie Hobbygruppe gewann Valentin vor seinem Bruder Konstantin Preu\u00df. Dritter aus der Goetheschule Sandia Reinhardt.<br \/>\nWir bedanken uns bei allen Teilnehmern, Helfern und den zahlreichen Kuchenspendern.<\/p>\n<div id='gallery-1' class='gallery galleryid-4643 gallery-columns-3 gallery-size-medium'><figure class='gallery-item'>\n\t\t\t<div class='gallery-icon landscape'>\n\t\t\t\t<a href='https:\/\/turm-lahnstein.de\/?attachment_id=4660'><img loading=\"lazy\" decoding=\"async\" width=\"300\" height=\"225\" src=\"https:\/\/turm-lahnstein.de\/wp-content\/uploads\/2019\/11\/p1010015-300x225.jpg\" class=\"attachment-medium size-medium\" alt=\"\" srcset=\"https:\/\/turm-lahnstein.de\/wp-content\/uploads\/2019\/11\/p1010015-300x225.jpg 300w, https:\/\/turm-lahnstein.de\/wp-content\/uploads\/2019\/11\/p1010015-1024x768.jpg 1024w, https:\/\/turm-lahnstein.de\/wp-content\/uploads\/2019\/11\/p1010015-768x576.jpg 768w, https:\/\/turm-lahnstein.de\/wp-content\/uploads\/2019\/11\/p1010015.jpg 1200w\" sizes=\"(max-width: 300px) 100vw, 300px\" \/><\/a>\n\t\t\t<\/div><\/figure>\n\t\t<\/div>\n\n","protected":false},"excerpt":{"rendered":"<p>Zu unserem diesj\u00e4hrigen Jugendopen durften wir 59 Teilnehmer begr\u00fc\u00dfen, womit wir sehr zufrieden waren. Das Turnier lief relativ glatt ab und doch gerieten wir zeitlich leicht in Verzug, so dass [&hellip;]<\/p>\n","protected":false},"author":4,"featured_media":0,"comment_status":"closed","ping_status":"closed","sticky":false,"template":"","format":"standard","meta":{"footnotes":""},"categories":[1],"tags":[],"_links":{"self":[{"href":"https:\/\/turm-lahnstein.de\/index.php?rest_route=\/wp\/v2\/posts\/4643"}],"collection":[{"href":"https:\/\/turm-lahnstein.de\/index.php?rest_route=\/wp\/v2\/posts"}],"about":[{"href":"https:\/\/turm-lahnstein.de\/index.php?rest_route=\/wp\/v2\/types\/post"}],"author":[{"embeddable":true,"href":"https:\/\/turm-lahnstein.de\/index.php?rest_route=\/wp\/v2\/users\/4"}],"replies":[{"embeddable":true,"href":"https:\/\/turm-lahnstein.de\/index.php?rest_route=%2Fwp%2Fv2%2Fcomments&post=4643"}],"version-history":[{"count":0,"href":"https:\/\/turm-lahnstein.de\/index.php?rest_route=\/wp\/v2\/posts\/4643\/revisions"}],"wp:attachment":[{"href":"https:\/\/turm-lahnstein.de\/index.php?rest_route=%2Fwp%2Fv2%2Fmedia&parent=4643"}],"wp:term":[{"taxonomy":"category","embeddable":true,"href":"https:\/\/turm-lahnstein.de\/index.php?rest_route=%2Fwp%2Fv2%2Fcategories&post=4643"},{"taxonomy":"post_tag","embeddable":true,"href":"https:\/\/turm-lahnstein.de\/index.php?rest_route=%2Fwp%2Fv2%2Ftags&post=4643"}],"curies":[{"name":"wp","href":"https:\/\/api.w.org\/{rel}","templated":true}]}}