{"id":4631,"date":"2019-10-30T07:21:43","date_gmt":"2019-10-30T07:21:43","guid":{"rendered":"https:\/\/turmlahnstein.wordpress.com\/?p=4631"},"modified":"2019-10-30T07:21:43","modified_gmt":"2019-10-30T07:21:43","slug":"pressebericht-aufstellungsprobleme-kosten-punkte","status":"publish","type":"post","link":"https:\/\/turm-lahnstein.de\/?p=4631","title":{"rendered":"Pressebericht: Aufstellungsprobleme kosten Punkte"},"content":{"rendered":"<p><img loading=\"lazy\" decoding=\"async\" class=\"alignright size-full wp-image-68\" src=\"https:\/\/turm-lahnstein.de\/wp-content\/uploads\/2012\/09\/friedhelm_col.jpg\" alt=\"\" width=\"254\" height=\"248\" \/>Der Schachverein Turm Lahnstein trat mit seiner zweiten Mannschaft in der Bezirksliga wegen vieler Absagen von Spielern stark dezimiert beim SC Nast\u00e4tten an, so dass die 2,5:4,5 Niederlage nicht \u00fcberraschen konnte. <!--more-->Immerhin gewannen Peter Ley und Michael Sefeloge ihre Partien und Florian Auras erzielte beim ersten Einsatz im Spieljahr ein Remis.<\/p>\n<p>Die dritte Mannschaft machte es mit einem 3 : 1 gegen den SC G\u00fcls in der B-Klasse besser. Mit Christian Samtleben und Peter Bida zeichneten zwei Zw\u00f6lfj\u00e4hrige f\u00fcr die Gewinnpunkte verantwortlich. Dilja Meuer und Stefan Meuer sicherten mit je einem Remis den Gesamtsieg.<\/p>\n<p>&nbsp;<\/p>\n<p>Beide Mannschaften haben ihr n\u00e4chstes Spiel am 16. November.<\/p>\n","protected":false},"excerpt":{"rendered":"<p>Der Schachverein Turm Lahnstein trat mit seiner zweiten Mannschaft in der Bezirksliga wegen vieler Absagen von Spielern stark dezimiert beim SC Nast\u00e4tten an, so dass die 2,5:4,5 Niederlage nicht \u00fcberraschen [&hellip;]<\/p>\n","protected":false},"author":4,"featured_media":0,"comment_status":"closed","ping_status":"closed","sticky":false,"template":"","format":"standard","meta":{"footnotes":""},"categories":[1],"tags":[],"_links":{"self":[{"href":"https:\/\/turm-lahnstein.de\/index.php?rest_route=\/wp\/v2\/posts\/4631"}],"collection":[{"href":"https:\/\/turm-lahnstein.de\/index.php?rest_route=\/wp\/v2\/posts"}],"about":[{"href":"https:\/\/turm-lahnstein.de\/index.php?rest_route=\/wp\/v2\/types\/post"}],"author":[{"embeddable":true,"href":"https:\/\/turm-lahnstein.de\/index.php?rest_route=\/wp\/v2\/users\/4"}],"replies":[{"embeddable":true,"href":"https:\/\/turm-lahnstein.de\/index.php?rest_route=%2Fwp%2Fv2%2Fcomments&post=4631"}],"version-history":[{"count":0,"href":"https:\/\/turm-lahnstein.de\/index.php?rest_route=\/wp\/v2\/posts\/4631\/revisions"}],"wp:attachment":[{"href":"https:\/\/turm-lahnstein.de\/index.php?rest_route=%2Fwp%2Fv2%2Fmedia&parent=4631"}],"wp:term":[{"taxonomy":"category","embeddable":true,"href":"https:\/\/turm-lahnstein.de\/index.php?rest_route=%2Fwp%2Fv2%2Fcategories&post=4631"},{"taxonomy":"post_tag","embeddable":true,"href":"https:\/\/turm-lahnstein.de\/index.php?rest_route=%2Fwp%2Fv2%2Ftags&post=4631"}],"curies":[{"name":"wp","href":"https:\/\/api.w.org\/{rel}","templated":true}]}}