{"id":4603,"date":"2019-09-19T06:08:38","date_gmt":"2019-09-19T06:08:38","guid":{"rendered":"https:\/\/turmlahnstein.wordpress.com\/?p=4603"},"modified":"2019-09-19T06:08:38","modified_gmt":"2019-09-19T06:08:38","slug":"pressebericht-erste-punkte-fuer-lahnsteiner-mannschaften","status":"publish","type":"post","link":"https:\/\/turm-lahnstein.de\/?p=4603","title":{"rendered":"Pressebericht: Erste Punkte f\u00fcr Lahnsteiner Mannschaften"},"content":{"rendered":"<p><img loading=\"lazy\" decoding=\"async\" class=\"alignright size-full wp-image-68\" src=\"https:\/\/turm-lahnstein.de\/wp-content\/uploads\/2012\/09\/friedhelm_col.jpg\" alt=\"\" width=\"254\" height=\"248\" \/>Im Mannschaftsspielbetrieb sprangen nach einem klassischen Fehlstart in der 2. Runde f\u00fcr die zweite und dritte Mannschaft des Schachverein Turm Lahnstein die ersten z\u00e4hlbaren Punkte heraus.<!--more--><\/p>\n<p>In der Bezirksliga trennten sich die jeweils zweiten Mannschaften aus Lahnstein und Kastellaun mit einem 3,5:3,5 Unentschieden. F\u00fcr die Schachfreunde vom Rhein-Lahn-Eck holten Markus M\u00fcller, Hans-Joachim Will und Michael Sefeloge volle Punkte. Das n\u00f6tige Remis zum Gesamt-Unentschieden sicherte sich der kurzfristig eingesprungene Elmar Wiskirchen.<\/p>\n<p>Parallel entf\u00fchrte die dritte Mannschaft mit einem 2,5:1,5 Erfolg beim SV G\u00fcls III beide Punkte in der B-Klasse zum ersten Mannschaftssieg. Stefan Meuer und Lena Seelige gewannen ihre Partien und Dilja Meuer steuerte ein Remis bei.<\/p>\n","protected":false},"excerpt":{"rendered":"<p>Im Mannschaftsspielbetrieb sprangen nach einem klassischen Fehlstart in der 2. Runde f\u00fcr die zweite und dritte Mannschaft des Schachverein Turm Lahnstein die ersten z\u00e4hlbaren Punkte heraus.<\/p>\n","protected":false},"author":4,"featured_media":0,"comment_status":"closed","ping_status":"closed","sticky":false,"template":"","format":"standard","meta":{"footnotes":""},"categories":[1],"tags":[],"_links":{"self":[{"href":"https:\/\/turm-lahnstein.de\/index.php?rest_route=\/wp\/v2\/posts\/4603"}],"collection":[{"href":"https:\/\/turm-lahnstein.de\/index.php?rest_route=\/wp\/v2\/posts"}],"about":[{"href":"https:\/\/turm-lahnstein.de\/index.php?rest_route=\/wp\/v2\/types\/post"}],"author":[{"embeddable":true,"href":"https:\/\/turm-lahnstein.de\/index.php?rest_route=\/wp\/v2\/users\/4"}],"replies":[{"embeddable":true,"href":"https:\/\/turm-lahnstein.de\/index.php?rest_route=%2Fwp%2Fv2%2Fcomments&post=4603"}],"version-history":[{"count":0,"href":"https:\/\/turm-lahnstein.de\/index.php?rest_route=\/wp\/v2\/posts\/4603\/revisions"}],"wp:attachment":[{"href":"https:\/\/turm-lahnstein.de\/index.php?rest_route=%2Fwp%2Fv2%2Fmedia&parent=4603"}],"wp:term":[{"taxonomy":"category","embeddable":true,"href":"https:\/\/turm-lahnstein.de\/index.php?rest_route=%2Fwp%2Fv2%2Fcategories&post=4603"},{"taxonomy":"post_tag","embeddable":true,"href":"https:\/\/turm-lahnstein.de\/index.php?rest_route=%2Fwp%2Fv2%2Ftags&post=4603"}],"curies":[{"name":"wp","href":"https:\/\/api.w.org\/{rel}","templated":true}]}}