{"id":4593,"date":"2019-09-12T06:05:48","date_gmt":"2019-09-12T06:05:48","guid":{"rendered":"https:\/\/turmlahnstein.wordpress.com\/?p=4593"},"modified":"2019-09-12T06:05:48","modified_gmt":"2019-09-12T06:05:48","slug":"pressebericht-lahnsteiner-beim-jugendturnier-in-nickenich","status":"publish","type":"post","link":"https:\/\/turm-lahnstein.de\/?p=4593","title":{"rendered":"Pressebericht: Lahnsteiner beim Jugendturnier in Nickenich"},"content":{"rendered":"<p><img loading=\"lazy\" decoding=\"async\" class=\"alignright size-full wp-image-68\" src=\"https:\/\/turm-lahnstein.de\/wp-content\/uploads\/2012\/09\/friedhelm_col.jpg\" alt=\"\" width=\"254\" height=\"248\" \/>Beim traditionellen Jugend-Open der Schachfreunde Nickenich am Laacher See stellte der Schachverein Turm Lahnstein mit neun Teilnehmern die h\u00f6chste Teilnehmerzahl der anwesenden Vereine. Die Kinder aus Lahnstein konzentrierten sich in den j\u00fcngsten Altersklassen U 8, U 10 und U 12. Mit Finn Buchheim, Zhang Hao Dong, Niclas Elbert, Julius Hoppe, Leo Ke\u00dfler und Vincent Oehl spielten gleich sechs Jungen in der j\u00fcngsten Altersklasse bis Jahrgang 2011. Niclas Elbert mit f\u00fcnf Punkten aus sieben Partien freute sich \u00fcber den zweiten Platz; Finn Buchheim und Zhang Hao Dong holten je vier Punkte und Vincent Oehl, Leo Ke\u00dfler und Julius Hoppe folgten kurz dahinter im 13k\u00f6pfigen Feld.<!--more--><\/p>\n<p>In der Altersklasse U 10 mit sechzehn Mitspielern landete Patrick Br\u00fchl mit vier Punkten als 6. im vorderen Mittelfeld und Clemens Oehl erreichte den 11. Rang. Kurioserweise war Franziska Herbel\u00a0 mit ihren elf Jahren die \u00c4lteste (!) der Lahnsteiner Teilnehmer und holte in der Altersklasse U 12 knapp die H\u00e4lfte der m\u00f6glichen Punkte.<\/p>\n","protected":false},"excerpt":{"rendered":"<p>Beim traditionellen Jugend-Open der Schachfreunde Nickenich am Laacher See stellte der Schachverein Turm Lahnstein mit neun Teilnehmern die h\u00f6chste Teilnehmerzahl der anwesenden Vereine. Die Kinder aus Lahnstein konzentrierten sich in [&hellip;]<\/p>\n","protected":false},"author":4,"featured_media":0,"comment_status":"closed","ping_status":"closed","sticky":false,"template":"","format":"standard","meta":{"footnotes":""},"categories":[1],"tags":[],"_links":{"self":[{"href":"https:\/\/turm-lahnstein.de\/index.php?rest_route=\/wp\/v2\/posts\/4593"}],"collection":[{"href":"https:\/\/turm-lahnstein.de\/index.php?rest_route=\/wp\/v2\/posts"}],"about":[{"href":"https:\/\/turm-lahnstein.de\/index.php?rest_route=\/wp\/v2\/types\/post"}],"author":[{"embeddable":true,"href":"https:\/\/turm-lahnstein.de\/index.php?rest_route=\/wp\/v2\/users\/4"}],"replies":[{"embeddable":true,"href":"https:\/\/turm-lahnstein.de\/index.php?rest_route=%2Fwp%2Fv2%2Fcomments&post=4593"}],"version-history":[{"count":0,"href":"https:\/\/turm-lahnstein.de\/index.php?rest_route=\/wp\/v2\/posts\/4593\/revisions"}],"wp:attachment":[{"href":"https:\/\/turm-lahnstein.de\/index.php?rest_route=%2Fwp%2Fv2%2Fmedia&parent=4593"}],"wp:term":[{"taxonomy":"category","embeddable":true,"href":"https:\/\/turm-lahnstein.de\/index.php?rest_route=%2Fwp%2Fv2%2Fcategories&post=4593"},{"taxonomy":"post_tag","embeddable":true,"href":"https:\/\/turm-lahnstein.de\/index.php?rest_route=%2Fwp%2Fv2%2Ftags&post=4593"}],"curies":[{"name":"wp","href":"https:\/\/api.w.org\/{rel}","templated":true}]}}