{"id":4484,"date":"2019-06-19T05:40:05","date_gmt":"2019-06-19T05:40:05","guid":{"rendered":"https:\/\/turmlahnstein.wordpress.com\/?p=4484"},"modified":"2019-06-19T05:40:05","modified_gmt":"2019-06-19T05:40:05","slug":"pressebericht-david-meuer-bei-der-deutschen-jugendmeisterschaft","status":"publish","type":"post","link":"https:\/\/turm-lahnstein.de\/?p=4484","title":{"rendered":"Pressebericht: David Meuer bei der Deutschen Jugendmeisterschaft"},"content":{"rendered":"<p><img loading=\"lazy\" decoding=\"async\" class=\"alignright size-full wp-image-68\" src=\"https:\/\/turm-lahnstein.de\/wp-content\/uploads\/2012\/09\/friedhelm_col.jpg\" alt=\"\" width=\"254\" height=\"248\" \/>Der Schachverein Turm Lahnstein freut sich, dass es auch in diesem Jahr einer seiner Jugendlichen bis zur Deutschen Jugendeinzelmeisterschaft geschafft hat. Der 11j\u00e4hrige David Meuer hatte sich durch einen Spitzenplatz bei der Rheinland-Pfalz-Meisterschaft der Altersklasse U(nter) 12 zur Deutschen Meisterschaft in Willingen\/Hochsauerland qualifiziert.\u00a0 <!--more--><\/p>\n<p>In allen Partien konnte David seine St\u00e4rken Konzentration, Ausdauer und Z\u00e4higkeit ausspielen. Im Turnier der Besten seiner Altersklasse aus ganz Deutschland spielte er eine gute Rolle und stand mit 4,5 Punkten von neun m\u00f6glichen am Ende als 30. von insgesamt 58 Teilnehmern genau in der Mitte der Tabelle. Zwei Siege, f\u00fcnf hart umk\u00e4mpfte Remisen und nur zwei Niederlagen standen zu Buche.<\/p>\n<p>Die Motivation, die die Teilnahme an einer Deutschen Meisterschaft mit sich bringt, wird nun Ansporn f\u00fcr weitere Herausforderungen sein.<\/p>\n","protected":false},"excerpt":{"rendered":"<p>Der Schachverein Turm Lahnstein freut sich, dass es auch in diesem Jahr einer seiner Jugendlichen bis zur Deutschen Jugendeinzelmeisterschaft geschafft hat. Der 11j\u00e4hrige David Meuer hatte sich durch einen Spitzenplatz [&hellip;]<\/p>\n","protected":false},"author":4,"featured_media":0,"comment_status":"closed","ping_status":"closed","sticky":false,"template":"","format":"standard","meta":{"footnotes":""},"categories":[1],"tags":[],"_links":{"self":[{"href":"https:\/\/turm-lahnstein.de\/index.php?rest_route=\/wp\/v2\/posts\/4484"}],"collection":[{"href":"https:\/\/turm-lahnstein.de\/index.php?rest_route=\/wp\/v2\/posts"}],"about":[{"href":"https:\/\/turm-lahnstein.de\/index.php?rest_route=\/wp\/v2\/types\/post"}],"author":[{"embeddable":true,"href":"https:\/\/turm-lahnstein.de\/index.php?rest_route=\/wp\/v2\/users\/4"}],"replies":[{"embeddable":true,"href":"https:\/\/turm-lahnstein.de\/index.php?rest_route=%2Fwp%2Fv2%2Fcomments&post=4484"}],"version-history":[{"count":0,"href":"https:\/\/turm-lahnstein.de\/index.php?rest_route=\/wp\/v2\/posts\/4484\/revisions"}],"wp:attachment":[{"href":"https:\/\/turm-lahnstein.de\/index.php?rest_route=%2Fwp%2Fv2%2Fmedia&parent=4484"}],"wp:term":[{"taxonomy":"category","embeddable":true,"href":"https:\/\/turm-lahnstein.de\/index.php?rest_route=%2Fwp%2Fv2%2Fcategories&post=4484"},{"taxonomy":"post_tag","embeddable":true,"href":"https:\/\/turm-lahnstein.de\/index.php?rest_route=%2Fwp%2Fv2%2Ftags&post=4484"}],"curies":[{"name":"wp","href":"https:\/\/api.w.org\/{rel}","templated":true}]}}