{"id":446,"date":"2013-03-13T13:53:38","date_gmt":"2013-03-13T13:53:38","guid":{"rendered":"http:\/\/turmlahnstein.wordpress.com\/?p=446"},"modified":"2013-03-13T13:53:38","modified_gmt":"2013-03-13T13:53:38","slug":"lahnsteiner-bei-der-rheinland-pfalz-meisterschaft","status":"publish","type":"post","link":"https:\/\/turm-lahnstein.de\/?p=446","title":{"rendered":"Lahnsteiner bei der Rheinland-Pfalz-Meisterschaft"},"content":{"rendered":"<p><img loading=\"lazy\" decoding=\"async\" class=\"alignright size-full wp-image-456\" alt=\"gasmall\" src=\"https:\/\/turm-lahnstein.de\/wp-content\/uploads\/2013\/03\/gasmall.jpg\" width=\"300\" height=\"279\" \/>Mit Noel und Lars war unser Verein gleich doppelt beim diesj\u00e4hrigen U10-Turnier vertreten! Und nach dem ersten Spieltag hatten beide realistische Chancen auf die Qualifikation zur Deutschen Meisterschaft. <!--more-->Noel f\u00fchrte mit 2 aus 4 bei den M\u00e4dchen, w\u00e4hrend Lars mit 3 aus 4 bei den Jungs vorne mitdabei war!<\/p>\n<p>Der Sonntag war nicht Noel&#8217;s Tag (solche Tage kennen wir alle) und so konnte sie ihre F\u00fchrung nicht halten und blieb in der Endabrechnung bei den 2 Punkten vom ersten Tag. Aber Kopf hoch &#8211; es wird noch viele M\u00f6glichkeiten geben, sich f\u00fcr die Deutsche Meisterschaft zu qualifizieren!<\/p>\n<p>Besser lief es f\u00fcr Lars, der auf insgesamt 5 Punkte kam und damit einen sehr guten 5. Platz belegte:\u00a0 Es fehlte nur ein halber Punkt f\u00fcr die Qualifikation &#8211; dann halt n\u00e4chstes Jahr!<\/p>\n<p><a href=\"http:\/\/www.giesau.com\/RLP\/SKGA\/?Home\" target=\"_blank\" rel=\"noopener noreferrer\">[Ergebnisse]<\/a><\/p>\n<p>&nbsp;<\/p>\n<div id='gallery-1' class='gallery galleryid-446 gallery-columns-3 gallery-size-thumbnail'><figure class='gallery-item'>\n\t\t\t<div class='gallery-icon landscape'>\n\t\t\t\t<a href='https:\/\/turm-lahnstein.de\/?attachment_id=450'><img loading=\"lazy\" decoding=\"async\" width=\"150\" height=\"150\" src=\"https:\/\/turm-lahnstein.de\/wp-content\/uploads\/2013\/03\/cimg1045-150x150.jpg\" class=\"attachment-thumbnail size-thumbnail\" alt=\"\" \/><\/a>\n\t\t\t<\/div><\/figure><figure class='gallery-item'>\n\t\t\t<div class='gallery-icon landscape'>\n\t\t\t\t<a href='https:\/\/turm-lahnstein.de\/?attachment_id=451'><img loading=\"lazy\" decoding=\"async\" width=\"150\" height=\"150\" src=\"https:\/\/turm-lahnstein.de\/wp-content\/uploads\/2013\/03\/cimg1047-150x150.jpg\" class=\"attachment-thumbnail size-thumbnail\" alt=\"\" \/><\/a>\n\t\t\t<\/div><\/figure><figure class='gallery-item'>\n\t\t\t<div class='gallery-icon landscape'>\n\t\t\t\t<a href='https:\/\/turm-lahnstein.de\/?attachment_id=452'><img loading=\"lazy\" decoding=\"async\" width=\"150\" height=\"150\" src=\"https:\/\/turm-lahnstein.de\/wp-content\/uploads\/2013\/03\/cimg1063-150x150.jpg\" class=\"attachment-thumbnail size-thumbnail\" alt=\"\" \/><\/a>\n\t\t\t<\/div><\/figure><figure class='gallery-item'>\n\t\t\t<div class='gallery-icon landscape'>\n\t\t\t\t<a href='https:\/\/turm-lahnstein.de\/?attachment_id=454'><img loading=\"lazy\" decoding=\"async\" width=\"150\" height=\"150\" src=\"https:\/\/turm-lahnstein.de\/wp-content\/uploads\/2013\/03\/cimg1072-150x150.jpg\" class=\"attachment-thumbnail size-thumbnail\" alt=\"\" \/><\/a>\n\t\t\t<\/div><\/figure><figure class='gallery-item'>\n\t\t\t<div class='gallery-icon landscape'>\n\t\t\t\t<a href='https:\/\/turm-lahnstein.de\/?attachment_id=453'><img loading=\"lazy\" decoding=\"async\" width=\"150\" height=\"150\" src=\"https:\/\/turm-lahnstein.de\/wp-content\/uploads\/2013\/03\/cimg1070-150x150.jpg\" class=\"attachment-thumbnail size-thumbnail\" alt=\"\" \/><\/a>\n\t\t\t<\/div><\/figure><figure class='gallery-item'>\n\t\t\t<div class='gallery-icon landscape'>\n\t\t\t\t<a href='https:\/\/turm-lahnstein.de\/?attachment_id=455'><img loading=\"lazy\" decoding=\"async\" width=\"150\" height=\"150\" src=\"https:\/\/turm-lahnstein.de\/wp-content\/uploads\/2013\/03\/cimg1075-150x150.jpg\" class=\"attachment-thumbnail size-thumbnail\" alt=\"\" \/><\/a>\n\t\t\t<\/div><\/figure>\n\t\t<\/div>\n\n","protected":false},"excerpt":{"rendered":"<p>Mit Noel und Lars war unser Verein gleich doppelt beim diesj\u00e4hrigen U10-Turnier vertreten! Und nach dem ersten Spieltag hatten beide realistische Chancen auf die Qualifikation zur Deutschen Meisterschaft.<\/p>\n","protected":false},"author":2,"featured_media":0,"comment_status":"open","ping_status":"open","sticky":false,"template":"","format":"standard","meta":{"footnotes":""},"categories":[25],"tags":[52,98,133],"_links":{"self":[{"href":"https:\/\/turm-lahnstein.de\/index.php?rest_route=\/wp\/v2\/posts\/446"}],"collection":[{"href":"https:\/\/turm-lahnstein.de\/index.php?rest_route=\/wp\/v2\/posts"}],"about":[{"href":"https:\/\/turm-lahnstein.de\/index.php?rest_route=\/wp\/v2\/types\/post"}],"author":[{"embeddable":true,"href":"https:\/\/turm-lahnstein.de\/index.php?rest_route=\/wp\/v2\/users\/2"}],"replies":[{"embeddable":true,"href":"https:\/\/turm-lahnstein.de\/index.php?rest_route=%2Fwp%2Fv2%2Fcomments&post=446"}],"version-history":[{"count":0,"href":"https:\/\/turm-lahnstein.de\/index.php?rest_route=\/wp\/v2\/posts\/446\/revisions"}],"wp:attachment":[{"href":"https:\/\/turm-lahnstein.de\/index.php?rest_route=%2Fwp%2Fv2%2Fmedia&parent=446"}],"wp:term":[{"taxonomy":"category","embeddable":true,"href":"https:\/\/turm-lahnstein.de\/index.php?rest_route=%2Fwp%2Fv2%2Fcategories&post=446"},{"taxonomy":"post_tag","embeddable":true,"href":"https:\/\/turm-lahnstein.de\/index.php?rest_route=%2Fwp%2Fv2%2Ftags&post=446"}],"curies":[{"name":"wp","href":"https:\/\/api.w.org\/{rel}","templated":true}]}}