{"id":4453,"date":"2019-06-13T12:32:25","date_gmt":"2019-06-13T12:32:25","guid":{"rendered":"https:\/\/turmlahnstein.wordpress.com\/?p=4453"},"modified":"2019-06-13T12:32:25","modified_gmt":"2019-06-13T12:32:25","slug":"david-live-bei-der-djem","status":"publish","type":"post","link":"https:\/\/turm-lahnstein.de\/?p=4453","title":{"rendered":"David live bei der DJEM"},"content":{"rendered":"<p>Aufgrund seines Sieges in der gestrigen Nachmittagspartie hat es David auf die Livebretter geschafft. Ich selbst werde mich erst sp\u00e4t zuschalten k\u00f6nnen, m\u00f6chte euch aber anbieten seine Partie unmittelbar mitzuerleben.<\/p>\n<p><a href=\"https:\/\/www.deutsche-schachjugend.de\/dem2019\/live-partien\/chess24\/u12\/\" target=\"_blank\" rel=\"noopener noreferrer\">https:\/\/www.deutsche-schachjugend.de\/dem2019\/live-partien\/chess24\/u12\/<\/a><\/p>\n","protected":false},"excerpt":{"rendered":"<p>Aufgrund seines Sieges in der gestrigen Nachmittagspartie hat es David auf die Livebretter geschafft. Ich selbst werde mich erst sp\u00e4t zuschalten k\u00f6nnen, m\u00f6chte euch aber anbieten seine Partie unmittelbar mitzuerleben. [&hellip;]<\/p>\n","protected":false},"author":4,"featured_media":0,"comment_status":"closed","ping_status":"closed","sticky":false,"template":"","format":"standard","meta":{"footnotes":""},"categories":[1],"tags":[],"_links":{"self":[{"href":"https:\/\/turm-lahnstein.de\/index.php?rest_route=\/wp\/v2\/posts\/4453"}],"collection":[{"href":"https:\/\/turm-lahnstein.de\/index.php?rest_route=\/wp\/v2\/posts"}],"about":[{"href":"https:\/\/turm-lahnstein.de\/index.php?rest_route=\/wp\/v2\/types\/post"}],"author":[{"embeddable":true,"href":"https:\/\/turm-lahnstein.de\/index.php?rest_route=\/wp\/v2\/users\/4"}],"replies":[{"embeddable":true,"href":"https:\/\/turm-lahnstein.de\/index.php?rest_route=%2Fwp%2Fv2%2Fcomments&post=4453"}],"version-history":[{"count":0,"href":"https:\/\/turm-lahnstein.de\/index.php?rest_route=\/wp\/v2\/posts\/4453\/revisions"}],"wp:attachment":[{"href":"https:\/\/turm-lahnstein.de\/index.php?rest_route=%2Fwp%2Fv2%2Fmedia&parent=4453"}],"wp:term":[{"taxonomy":"category","embeddable":true,"href":"https:\/\/turm-lahnstein.de\/index.php?rest_route=%2Fwp%2Fv2%2Fcategories&post=4453"},{"taxonomy":"post_tag","embeddable":true,"href":"https:\/\/turm-lahnstein.de\/index.php?rest_route=%2Fwp%2Fv2%2Ftags&post=4453"}],"curies":[{"name":"wp","href":"https:\/\/api.w.org\/{rel}","templated":true}]}}