{"id":438,"date":"2013-03-13T13:17:21","date_gmt":"2013-03-13T13:17:21","guid":{"rendered":"http:\/\/turmlahnstein.wordpress.com\/?p=438"},"modified":"2013-03-13T13:17:21","modified_gmt":"2013-03-13T13:17:21","slug":"b-klasse","status":"publish","type":"post","link":"https:\/\/turm-lahnstein.de\/?p=438","title":{"rendered":"B-Klasse"},"content":{"rendered":"<p><img loading=\"lazy\" decoding=\"async\" class=\"alignright size-full wp-image-439\" alt=\"einrich2\" src=\"https:\/\/turm-lahnstein.de\/wp-content\/uploads\/2013\/03\/einrich2.jpg\" width=\"300\" height=\"225\" \/>Zum vierten und letzten Mal dieses Jahr mussten wir gegen eine Mannschaft aus Einrich ran. Und schon bald lagen wir mit 0:2 zur\u00fcck. Marlon und Niklas wollten jedoch nicht ohne Kampf untergehen und so wurde dieser Abend zum l\u00e4ngsten der Saison! Gegen die erfahrenen Gegner kamen die Lahnsteiner jedoch nicht \u00fcber zwei Remise hinaus und so hie\u00df es 1:3 gegen uns.<\/p>\n<p><a href=\"http:\/\/www.ergebnisdienst.net\/2012_2013\/abfrage.php?liga=812_31\" target=\"_blank\" rel=\"noopener noreferrer\">[Ergebnisse]<\/a><\/p>\n","protected":false},"excerpt":{"rendered":"<p>Zum vierten und letzten Mal dieses Jahr mussten wir gegen eine Mannschaft aus Einrich ran. Und schon bald lagen wir mit 0:2 zur\u00fcck. Marlon und Niklas wollten jedoch nicht ohne [&hellip;]<\/p>\n","protected":false},"author":2,"featured_media":0,"comment_status":"open","ping_status":"open","sticky":false,"template":"","format":"standard","meta":{"footnotes":""},"categories":[5],"tags":[74,54,109],"_links":{"self":[{"href":"https:\/\/turm-lahnstein.de\/index.php?rest_route=\/wp\/v2\/posts\/438"}],"collection":[{"href":"https:\/\/turm-lahnstein.de\/index.php?rest_route=\/wp\/v2\/posts"}],"about":[{"href":"https:\/\/turm-lahnstein.de\/index.php?rest_route=\/wp\/v2\/types\/post"}],"author":[{"embeddable":true,"href":"https:\/\/turm-lahnstein.de\/index.php?rest_route=\/wp\/v2\/users\/2"}],"replies":[{"embeddable":true,"href":"https:\/\/turm-lahnstein.de\/index.php?rest_route=%2Fwp%2Fv2%2Fcomments&post=438"}],"version-history":[{"count":0,"href":"https:\/\/turm-lahnstein.de\/index.php?rest_route=\/wp\/v2\/posts\/438\/revisions"}],"wp:attachment":[{"href":"https:\/\/turm-lahnstein.de\/index.php?rest_route=%2Fwp%2Fv2%2Fmedia&parent=438"}],"wp:term":[{"taxonomy":"category","embeddable":true,"href":"https:\/\/turm-lahnstein.de\/index.php?rest_route=%2Fwp%2Fv2%2Fcategories&post=438"},{"taxonomy":"post_tag","embeddable":true,"href":"https:\/\/turm-lahnstein.de\/index.php?rest_route=%2Fwp%2Fv2%2Ftags&post=438"}],"curies":[{"name":"wp","href":"https:\/\/api.w.org\/{rel}","templated":true}]}}