{"id":433,"date":"2013-03-06T09:26:08","date_gmt":"2013-03-06T09:26:08","guid":{"rendered":"http:\/\/turmlahnstein.wordpress.com\/?p=433"},"modified":"2013-03-06T09:26:08","modified_gmt":"2013-03-06T09:26:08","slug":"dittrichshutte-wir-fahren-nach-dittrichshutte","status":"publish","type":"post","link":"https:\/\/turm-lahnstein.de\/?p=433","title":{"rendered":"Dittrichsh\u00fctte, wir fahren nach Dittrichsh\u00fctte!"},"content":{"rendered":"<p>Genauer: Die Goethe-Schule f\u00e4hrt zum deutschen Finale nach Dittrichsh\u00fctte! Lars, Noel, Martin, Lars, Luca und Jonas haben\u00a0 das zweite Jahr hintereinander geschafft, sich f\u00fcr die Deutsche Meisterschaft als Zweiter zu qualifizieren!<\/p>\n<p>F\u00fcr die MDG lief es leider nicht so gut an dem Tag: Sabrina, Martin und Marek mussten sich mit dem letzten Platz zufrieden geben.<\/p>\n<p><a href=\"http:\/\/schulschach-trier.de\/?seite=Landesmeisterschaften.html\" target=\"_blank\" rel=\"noopener noreferrer\">[Ergebnisse]<\/a><\/p>\n","protected":false},"excerpt":{"rendered":"<p>Genauer: Die Goethe-Schule f\u00e4hrt zum deutschen Finale nach Dittrichsh\u00fctte! Lars, Noel, Martin, Lars, Luca und Jonas haben\u00a0 das zweite Jahr hintereinander geschafft, sich f\u00fcr die Deutsche Meisterschaft als Zweiter zu [&hellip;]<\/p>\n","protected":false},"author":2,"featured_media":0,"comment_status":"open","ping_status":"open","sticky":false,"template":"","format":"standard","meta":{"footnotes":""},"categories":[25,88],"tags":[86,87],"_links":{"self":[{"href":"https:\/\/turm-lahnstein.de\/index.php?rest_route=\/wp\/v2\/posts\/433"}],"collection":[{"href":"https:\/\/turm-lahnstein.de\/index.php?rest_route=\/wp\/v2\/posts"}],"about":[{"href":"https:\/\/turm-lahnstein.de\/index.php?rest_route=\/wp\/v2\/types\/post"}],"author":[{"embeddable":true,"href":"https:\/\/turm-lahnstein.de\/index.php?rest_route=\/wp\/v2\/users\/2"}],"replies":[{"embeddable":true,"href":"https:\/\/turm-lahnstein.de\/index.php?rest_route=%2Fwp%2Fv2%2Fcomments&post=433"}],"version-history":[{"count":0,"href":"https:\/\/turm-lahnstein.de\/index.php?rest_route=\/wp\/v2\/posts\/433\/revisions"}],"wp:attachment":[{"href":"https:\/\/turm-lahnstein.de\/index.php?rest_route=%2Fwp%2Fv2%2Fmedia&parent=433"}],"wp:term":[{"taxonomy":"category","embeddable":true,"href":"https:\/\/turm-lahnstein.de\/index.php?rest_route=%2Fwp%2Fv2%2Fcategories&post=433"},{"taxonomy":"post_tag","embeddable":true,"href":"https:\/\/turm-lahnstein.de\/index.php?rest_route=%2Fwp%2Fv2%2Ftags&post=433"}],"curies":[{"name":"wp","href":"https:\/\/api.w.org\/{rel}","templated":true}]}}