{"id":4238,"date":"2019-04-10T09:29:27","date_gmt":"2019-04-10T09:29:27","guid":{"rendered":"https:\/\/turmlahnstein.wordpress.com\/?p=4238"},"modified":"2019-04-10T09:29:27","modified_gmt":"2019-04-10T09:29:27","slug":"pressebericht-gutes-ende-fuer-lahnsteins-erste","status":"publish","type":"post","link":"https:\/\/turm-lahnstein.de\/?p=4238","title":{"rendered":"Pressebericht: Gutes Ende f\u00fcr Lahnsteins Erste"},"content":{"rendered":"<p><img loading=\"lazy\" decoding=\"async\" class=\"alignright size-full wp-image-68\" src=\"https:\/\/turm-lahnstein.de\/wp-content\/uploads\/2012\/09\/friedhelm_col.jpg\" alt=\"\" width=\"254\" height=\"248\" \/>Mit einem in dieser H\u00f6he \u00fcberraschenden 6 : 2 Erfolg gegen den VfR Koblenz beendete die erste Mannschaft des Schachvereins Turm Lahnstein das Spieljahr in der 2. Rheinland-Pfalz-Liga. Damit wurde nicht nur die Abstiegsgefahr gebannt, sondern im dicht gedr\u00e4ngten Tabellenbild sogar noch ein Sprung auf den sechsten Rang von zehn Mannschaften geschafft.<!--more--><\/p>\n<p>Sabrina Ley wurde mit sechs Punkten aus sieben Partien f\u00fcr das beste Ergebnis am f\u00fcnften Brett als Brettmeisterin geehrt. Die eifrigsten Punktesammler f\u00fcr Lahnstein waren ferner Dennis Sanner am ersten Brett mit f\u00fcnf Punkten aus sieben Partien und Mannschaftsf\u00fchrer Stephan B\u00fcchner mit 4,5 aus 7.<\/p>\n","protected":false},"excerpt":{"rendered":"<p>Mit einem in dieser H\u00f6he \u00fcberraschenden 6 : 2 Erfolg gegen den VfR Koblenz beendete die erste Mannschaft des Schachvereins Turm Lahnstein das Spieljahr in der 2. Rheinland-Pfalz-Liga. Damit wurde [&hellip;]<\/p>\n","protected":false},"author":4,"featured_media":0,"comment_status":"closed","ping_status":"closed","sticky":false,"template":"","format":"standard","meta":{"footnotes":""},"categories":[1],"tags":[],"_links":{"self":[{"href":"https:\/\/turm-lahnstein.de\/index.php?rest_route=\/wp\/v2\/posts\/4238"}],"collection":[{"href":"https:\/\/turm-lahnstein.de\/index.php?rest_route=\/wp\/v2\/posts"}],"about":[{"href":"https:\/\/turm-lahnstein.de\/index.php?rest_route=\/wp\/v2\/types\/post"}],"author":[{"embeddable":true,"href":"https:\/\/turm-lahnstein.de\/index.php?rest_route=\/wp\/v2\/users\/4"}],"replies":[{"embeddable":true,"href":"https:\/\/turm-lahnstein.de\/index.php?rest_route=%2Fwp%2Fv2%2Fcomments&post=4238"}],"version-history":[{"count":0,"href":"https:\/\/turm-lahnstein.de\/index.php?rest_route=\/wp\/v2\/posts\/4238\/revisions"}],"wp:attachment":[{"href":"https:\/\/turm-lahnstein.de\/index.php?rest_route=%2Fwp%2Fv2%2Fmedia&parent=4238"}],"wp:term":[{"taxonomy":"category","embeddable":true,"href":"https:\/\/turm-lahnstein.de\/index.php?rest_route=%2Fwp%2Fv2%2Fcategories&post=4238"},{"taxonomy":"post_tag","embeddable":true,"href":"https:\/\/turm-lahnstein.de\/index.php?rest_route=%2Fwp%2Fv2%2Ftags&post=4238"}],"curies":[{"name":"wp","href":"https:\/\/api.w.org\/{rel}","templated":true}]}}