{"id":4201,"date":"2019-03-19T20:08:33","date_gmt":"2019-03-19T20:08:33","guid":{"rendered":"https:\/\/turmlahnstein.wordpress.com\/?p=4201"},"modified":"2019-03-19T20:08:33","modified_gmt":"2019-03-19T20:08:33","slug":"2-rheinland-pfalz-liga","status":"publish","type":"post","link":"https:\/\/turm-lahnstein.de\/?p=4201","title":{"rendered":"2. Rheinland-Pfalz Liga"},"content":{"rendered":"<p>von Sabrina<\/p>\n<p><span lang=\"de\" style=\"margin:0;line-height:115%;font-family:'Arial', sans-serif;font-size:14pt;\"><span style=\"color:#000000;\">Gegen Ende der Saison wird es in unserer ersten Mannschaft noch richtig spannend! Leider w\u00e4re es uns dieses Jahr wohl lieber wenn es etwas ruhiger zur Sache gehen w\u00fcrde, denn auf den vorletzten Platz ist es \u00e4u\u00dferst ungem\u00fctlich. <\/span><\/span><!--more--><\/p>\n<p><span lang=\"de\" style=\"margin:0;line-height:115%;font-family:'Arial', sans-serif;font-size:14pt;\"><span style=\"color:#000000;\">Deswegen war das Spiel letzten Sonntag gegen den aktuellen Zweitplatzierten f\u00fcr uns wichtig. Ung\u00fcnstigerer Weise fiel bei uns kurzfristig ein Mann Spieler aus und wir gingen mit einem Punkt R\u00fcckstand in die Runde. Werner an Brett 8 hatte schnell ein sicheres Remis eingefahren und auch bei mir war uns schnell der erste Punkt sicher. Aber ansonsten sah es leider nicht viel versprechend aus. Doch langsam ging es auf die Zeitnotphase zu und pl\u00f6tzlich wendete sich das Blatt. Julien gewann eine Figur und das Spiel und Dennis setzte seinen Gegner in schlechterer Stellung vor Probleme, dass dieser glatt seine Zeit verga\u00df. Leider verloren Friedhelm und Ralf ihre Partien nach langem Kampf. Nun stand es 3,5 zu 3,5 und Stephan spielte das letzte Duell aus. Und sicherte uns den letzten halben Punkt.\u00a0<\/span><\/span><\/p>\n<p><span lang=\"de\" style=\"margin:0;line-height:115%;font-family:'Arial', sans-serif;font-size:14pt;\"><span style=\"color:#000000;\">Mit einem Unentschieden gegen den zweit Platzierten konnten wir zwar definitiv zufrieden sein, allerdings \u00fcberholte uns Trier, die bis zu dieser Runde letzter waren durch einen Sieg gegen den SV Koblenz 3. Gl\u00fccklicherweise gewannen sie so hoch, dass nun Koblenz hinter uns ist. In der letzten Runde am 7.4. entscheidet es sich dann, ob unsere 1. den Klassenerhalt schafft. Dr\u00fcckt uns die Daumen!<\/span><\/span><\/p>\n","protected":false},"excerpt":{"rendered":"<p>von Sabrina Gegen Ende der Saison wird es in unserer ersten Mannschaft noch richtig spannend! Leider w\u00e4re es uns dieses Jahr wohl lieber wenn es etwas ruhiger zur Sache gehen [&hellip;]<\/p>\n","protected":false},"author":2,"featured_media":0,"comment_status":"closed","ping_status":"closed","sticky":false,"template":"","format":"standard","meta":{"footnotes":""},"categories":[1],"tags":[],"_links":{"self":[{"href":"https:\/\/turm-lahnstein.de\/index.php?rest_route=\/wp\/v2\/posts\/4201"}],"collection":[{"href":"https:\/\/turm-lahnstein.de\/index.php?rest_route=\/wp\/v2\/posts"}],"about":[{"href":"https:\/\/turm-lahnstein.de\/index.php?rest_route=\/wp\/v2\/types\/post"}],"author":[{"embeddable":true,"href":"https:\/\/turm-lahnstein.de\/index.php?rest_route=\/wp\/v2\/users\/2"}],"replies":[{"embeddable":true,"href":"https:\/\/turm-lahnstein.de\/index.php?rest_route=%2Fwp%2Fv2%2Fcomments&post=4201"}],"version-history":[{"count":0,"href":"https:\/\/turm-lahnstein.de\/index.php?rest_route=\/wp\/v2\/posts\/4201\/revisions"}],"wp:attachment":[{"href":"https:\/\/turm-lahnstein.de\/index.php?rest_route=%2Fwp%2Fv2%2Fmedia&parent=4201"}],"wp:term":[{"taxonomy":"category","embeddable":true,"href":"https:\/\/turm-lahnstein.de\/index.php?rest_route=%2Fwp%2Fv2%2Fcategories&post=4201"},{"taxonomy":"post_tag","embeddable":true,"href":"https:\/\/turm-lahnstein.de\/index.php?rest_route=%2Fwp%2Fv2%2Ftags&post=4201"}],"curies":[{"name":"wp","href":"https:\/\/api.w.org\/{rel}","templated":true}]}}