{"id":4156,"date":"2019-03-18T19:51:29","date_gmt":"2019-03-18T19:51:29","guid":{"rendered":"https:\/\/turmlahnstein.wordpress.com\/?p=4156"},"modified":"2019-03-18T19:51:29","modified_gmt":"2019-03-18T19:51:29","slug":"jugendopen-ochtendung-3-pokale-gehen-nach-lahnstein","status":"publish","type":"post","link":"https:\/\/turm-lahnstein.de\/?p=4156","title":{"rendered":"Jugendopen Ochtendung: 3 Pokale gehen nach Lahnstein"},"content":{"rendered":"<p>Jonathan gewinnt die U12! 3.Platz f\u00fcr Joshua (U14) und Vincent (U8)!<\/p>\n<p><img loading=\"lazy\" decoding=\"async\" class=\"alignright size-large wp-image-4157\" src=\"https:\/\/turm-lahnstein.de\/wp-content\/uploads\/2019\/03\/ochtendung.jpg?w=611\" alt=\"\" width=\"611\" height=\"458\" srcset=\"https:\/\/turm-lahnstein.de\/wp-content\/uploads\/2019\/03\/ochtendung.jpg 640w, https:\/\/turm-lahnstein.de\/wp-content\/uploads\/2019\/03\/ochtendung-300x225.jpg 300w\" sizes=\"(max-width: 611px) 100vw, 611px\" \/><\/p>\n<p><span style=\"color:#000000;font-family:Calibri;\">Bei unserem ersten Jugendopen dieses Jahr waren wir in Ochtendung. Wegen des Landesentscheids im Schulschach, der A-Klasse und einem in diesen Wochen dichten Terminplans, war ich mit der Teilnahme von acht Lahnsteinern sehr zufrieden.<\/span><!--more--><\/p>\n<p><span style=\"color:#000000;font-family:Calibri;\"> Joshua in der 14 war unser \u00e4ltester Teilnehmer und sicher mitfavorisiert. In Runde 4 kam er gegen Angstgegner Ricardo Mailitis vom VFR Koblenz jedoch unter die R\u00e4der. In der Er\u00f6ffnung wollte er zu aggressiv an das schwarze Zentrum, aber auf e6 hing dadurch einfach ein Bauer. Er erreichte im Endresultat einen sehr guten 3.Platz.<\/span><span style=\"color:#000000;font-family:Calibri;\">Jonathan spielte in der U12 gro\u00df auf und gab bei 6 Siegen nur ein Remis ab. Bei 11 Teilnehmern erreichte er den ersten Platz und konnte erstmals ein Jugendopen f\u00fcr sich entscheiden. Nach einer f\u00fcr ihn etwas entt\u00e4uschend verlaufenden Rheinland-Pfalzmeisterschaft, konnte er damit wieder an den Aufw\u00e4rtstrend der Wochen davor ankn\u00fcpfen. Johanna gewann die erste\u00a0 Runde recht sicher. In der 2.Runde gegen einen der Turnierfavoriten k\u00e4mpfte sie lange, verpasste dann im Endspiel einige Abspiele ins m\u00f6gliche Remis. Runde 3 und 4 war wieder ein Punkte. In der letzten Runde brauchte sie noch mindestens einen Halben f\u00fcr das Treppchen, leider ging das daneben. Mit 3\/5 hatte sie aber ein gutes Ergebnis.<\/span><\/p>\n<p><span style=\"color:#000000;\"><span style=\"font-family:Calibri;\">Unsere j\u00fcngsten Strategen starten in der U8. Mit 5 Spielern stellten wir den Gro\u00dfteil des zw\u00f6lfk\u00f6pfigen Teilnehmerfeldes. F\u00fcr Leo und Zhang Hao war es das erste Jugendopen und beide schlugen sich beachtlich. Gerade in den ersten Turnieren schaue ich mehr auf das Potential, also die gelungenen Man\u00f6ver, als auf die Einsteller, die nat\u00fcrlich noch zu Hauf vorkommen und die meisten Partien entschieden. So auch bei Leo, der zwar nur einmal gewann, in seinen Partien jedoch durchaus gute Pl\u00e4ne erarbeitete.\u00a0 Zhang Hao viel in Runde 1 erstmal auf das klassische Sch\u00e4fermatt herein. \u00c4rgerlich bin ich das am Vortag extra, in weiser Voraussicht, nochmal durchgegangen. Vielleicht muss man auch erstmal reinfallen, um zu lernen. Das war auch das einzige Sch\u00e4fermatt was uns allen unterlief und ich war damit sehr zufrieden. Uns selbst ist es verboten, weil schlecht, Sch\u00e4fermatt zu versuchen. Zhang Hao spielte danach aber stark auf und holte 2 Siege und ein Remis. Unsere anderen drei angehenden Schachmeister Julius, Niclas und Vincent haben ja schon jede Menge\u00a0 Turniererfahrung<\/span>J<span style=\"font-family:Calibri;\">. Sie spielen aber wie alle in dem Alter, meist viel zu schnell. Julius spielt sch\u00f6n nach vorne, sollte aber auch mal an seinen K\u00f6nig\u00a0 denken. Der mag es gar nicht wenn es um ihn herum zieht. Besser schnell in Sicherheit\u2026. Rochade. Er verbuchte 2 Siege. Niclas, immer gut gelaunt, spielte frei auf und das durchaus erfolgreich. Er verbuchte mit 3 Siegen das zweitbeste Lahnsteiner Ergebnis bei der U8 und verpasste als 4. nur knapp einen Pokal. Vincent verlor gleich die erste Runde, gewann dann zweimal und musste in Runde 4 gegen den favorisierten Trierer Amil Aliyev antreten, der sich in der U10 bis auf Landesebene qualifiziert hatte und dort sehr ordentlich abgeschnitten hat. Wir bereiteten Vincent schon mal auf eine Niederlage vor und es sah auch lange nach einer sicheren Sache f\u00fcr den Gegner aus. Vincent warf alles nach vorne, aber nach und nach wanderten die Figuren vom Brett. Der Trierer verpasste es jedoch seine K\u00f6nigsfl\u00fcgel zu entwickeln, der von der F- bis zur H-Linie in der Ausgangsstellung verblieb. Nur noch mit Dame und Turm ausgestattet trieb Vincent den gegnerischen K\u00f6nig ins Freie und setzte Matt. Mit 4 Siegen konnte er stolz auf seinen ersten Pokal sein. Ich bin sicher es werden bei allen Lahnsteinern weitere folgen. <\/span><\/span><\/p>\n<p><span style=\"color:#000000;\"><span style=\"font-family:Calibri;\">Hier geht&#8217;s zu den Ergebnissen: <a href=\"https:\/\/schachfreunde-ochtendung.de\/turnierstaende-meldungen-und-begegnungen-waehrend-es-turniers-einsehen\" target=\"_blank\" rel=\"noopener noreferrer\">https:\/\/schachfreunde-ochtendung.de\/turnierstaende-meldungen-und-begegnungen-waehrend-es-turniers-einsehen<\/a><img loading=\"lazy\" decoding=\"async\" class=\"alignright size-large wp-image-4196\" src=\"https:\/\/turm-lahnstein.de\/wp-content\/uploads\/2019\/03\/p1000640.jpg?w=611\" alt=\"\" width=\"611\" height=\"458\" srcset=\"https:\/\/turm-lahnstein.de\/wp-content\/uploads\/2019\/03\/p1000640.jpg 1400w, https:\/\/turm-lahnstein.de\/wp-content\/uploads\/2019\/03\/p1000640-300x225.jpg 300w, https:\/\/turm-lahnstein.de\/wp-content\/uploads\/2019\/03\/p1000640-1024x768.jpg 1024w, https:\/\/turm-lahnstein.de\/wp-content\/uploads\/2019\/03\/p1000640-768x576.jpg 768w\" sizes=\"(max-width: 611px) 100vw, 611px\" \/> <img loading=\"lazy\" decoding=\"async\" class=\"alignright size-large wp-image-4195\" src=\"https:\/\/turm-lahnstein.de\/wp-content\/uploads\/2019\/03\/p1000639.jpg?w=611\" alt=\"\" width=\"611\" height=\"458\" srcset=\"https:\/\/turm-lahnstein.de\/wp-content\/uploads\/2019\/03\/p1000639.jpg 1400w, https:\/\/turm-lahnstein.de\/wp-content\/uploads\/2019\/03\/p1000639-300x225.jpg 300w, https:\/\/turm-lahnstein.de\/wp-content\/uploads\/2019\/03\/p1000639-1024x768.jpg 1024w, https:\/\/turm-lahnstein.de\/wp-content\/uploads\/2019\/03\/p1000639-768x576.jpg 768w\" sizes=\"(max-width: 611px) 100vw, 611px\" \/> <img loading=\"lazy\" decoding=\"async\" class=\"alignright size-large wp-image-4194\" src=\"https:\/\/turm-lahnstein.de\/wp-content\/uploads\/2019\/03\/p1000636.jpg?w=611\" alt=\"\" width=\"611\" height=\"458\" srcset=\"https:\/\/turm-lahnstein.de\/wp-content\/uploads\/2019\/03\/p1000636.jpg 1400w, https:\/\/turm-lahnstein.de\/wp-content\/uploads\/2019\/03\/p1000636-300x225.jpg 300w, https:\/\/turm-lahnstein.de\/wp-content\/uploads\/2019\/03\/p1000636-1024x768.jpg 1024w, https:\/\/turm-lahnstein.de\/wp-content\/uploads\/2019\/03\/p1000636-768x576.jpg 768w\" sizes=\"(max-width: 611px) 100vw, 611px\" \/> <img loading=\"lazy\" decoding=\"async\" class=\"alignright size-large wp-image-4193\" src=\"https:\/\/turm-lahnstein.de\/wp-content\/uploads\/2019\/03\/p1000634.jpg?w=611\" alt=\"\" width=\"611\" height=\"458\" srcset=\"https:\/\/turm-lahnstein.de\/wp-content\/uploads\/2019\/03\/p1000634.jpg 1400w, https:\/\/turm-lahnstein.de\/wp-content\/uploads\/2019\/03\/p1000634-300x225.jpg 300w, https:\/\/turm-lahnstein.de\/wp-content\/uploads\/2019\/03\/p1000634-1024x768.jpg 1024w, https:\/\/turm-lahnstein.de\/wp-content\/uploads\/2019\/03\/p1000634-768x576.jpg 768w\" sizes=\"(max-width: 611px) 100vw, 611px\" \/> <img loading=\"lazy\" decoding=\"async\" class=\"alignright size-large wp-image-4192\" src=\"https:\/\/turm-lahnstein.de\/wp-content\/uploads\/2019\/03\/p1000631.jpg?w=611\" alt=\"\" width=\"611\" height=\"458\" srcset=\"https:\/\/turm-lahnstein.de\/wp-content\/uploads\/2019\/03\/p1000631.jpg 1400w, https:\/\/turm-lahnstein.de\/wp-content\/uploads\/2019\/03\/p1000631-300x225.jpg 300w, https:\/\/turm-lahnstein.de\/wp-content\/uploads\/2019\/03\/p1000631-1024x768.jpg 1024w, https:\/\/turm-lahnstein.de\/wp-content\/uploads\/2019\/03\/p1000631-768x576.jpg 768w\" sizes=\"(max-width: 611px) 100vw, 611px\" \/> <img loading=\"lazy\" decoding=\"async\" class=\"alignright size-large wp-image-4191\" src=\"https:\/\/turm-lahnstein.de\/wp-content\/uploads\/2019\/03\/p1000629.jpg?w=611\" alt=\"\" width=\"611\" height=\"458\" srcset=\"https:\/\/turm-lahnstein.de\/wp-content\/uploads\/2019\/03\/p1000629.jpg 1400w, https:\/\/turm-lahnstein.de\/wp-content\/uploads\/2019\/03\/p1000629-300x225.jpg 300w, https:\/\/turm-lahnstein.de\/wp-content\/uploads\/2019\/03\/p1000629-1024x768.jpg 1024w, https:\/\/turm-lahnstein.de\/wp-content\/uploads\/2019\/03\/p1000629-768x576.jpg 768w\" sizes=\"(max-width: 611px) 100vw, 611px\" \/> <img loading=\"lazy\" decoding=\"async\" class=\"alignright size-large wp-image-4190\" src=\"https:\/\/turm-lahnstein.de\/wp-content\/uploads\/2019\/03\/p1000626.jpg?w=611\" alt=\"\" width=\"611\" height=\"458\" srcset=\"https:\/\/turm-lahnstein.de\/wp-content\/uploads\/2019\/03\/p1000626.jpg 1400w, https:\/\/turm-lahnstein.de\/wp-content\/uploads\/2019\/03\/p1000626-300x225.jpg 300w, https:\/\/turm-lahnstein.de\/wp-content\/uploads\/2019\/03\/p1000626-1024x768.jpg 1024w, https:\/\/turm-lahnstein.de\/wp-content\/uploads\/2019\/03\/p1000626-768x576.jpg 768w\" sizes=\"(max-width: 611px) 100vw, 611px\" \/> <img loading=\"lazy\" decoding=\"async\" class=\"alignright size-large wp-image-4189\" src=\"https:\/\/turm-lahnstein.de\/wp-content\/uploads\/2019\/03\/p1000622.jpg?w=611\" alt=\"\" width=\"611\" height=\"815\" srcset=\"https:\/\/turm-lahnstein.de\/wp-content\/uploads\/2019\/03\/p1000622.jpg 1050w, https:\/\/turm-lahnstein.de\/wp-content\/uploads\/2019\/03\/p1000622-225x300.jpg 225w, https:\/\/turm-lahnstein.de\/wp-content\/uploads\/2019\/03\/p1000622-768x1024.jpg 768w\" sizes=\"(max-width: 611px) 100vw, 611px\" \/> <img loading=\"lazy\" decoding=\"async\" class=\"alignright size-large wp-image-4188\" src=\"https:\/\/turm-lahnstein.de\/wp-content\/uploads\/2019\/03\/p1000620.jpg?w=611\" alt=\"\" width=\"611\" height=\"458\" srcset=\"https:\/\/turm-lahnstein.de\/wp-content\/uploads\/2019\/03\/p1000620.jpg 1400w, https:\/\/turm-lahnstein.de\/wp-content\/uploads\/2019\/03\/p1000620-300x225.jpg 300w, https:\/\/turm-lahnstein.de\/wp-content\/uploads\/2019\/03\/p1000620-1024x768.jpg 1024w, https:\/\/turm-lahnstein.de\/wp-content\/uploads\/2019\/03\/p1000620-768x576.jpg 768w\" sizes=\"(max-width: 611px) 100vw, 611px\" \/> <img loading=\"lazy\" decoding=\"async\" class=\"alignright size-large wp-image-4187\" src=\"https:\/\/turm-lahnstein.de\/wp-content\/uploads\/2019\/03\/p1000610.jpg?w=611\" alt=\"\" width=\"611\" height=\"458\" srcset=\"https:\/\/turm-lahnstein.de\/wp-content\/uploads\/2019\/03\/p1000610.jpg 1400w, https:\/\/turm-lahnstein.de\/wp-content\/uploads\/2019\/03\/p1000610-300x225.jpg 300w, https:\/\/turm-lahnstein.de\/wp-content\/uploads\/2019\/03\/p1000610-1024x768.jpg 1024w, https:\/\/turm-lahnstein.de\/wp-content\/uploads\/2019\/03\/p1000610-768x576.jpg 768w\" sizes=\"(max-width: 611px) 100vw, 611px\" \/> <img loading=\"lazy\" decoding=\"async\" class=\"alignright size-large wp-image-4186\" src=\"https:\/\/turm-lahnstein.de\/wp-content\/uploads\/2019\/03\/p1000623-1.jpg?w=611\" alt=\"\" width=\"611\" height=\"814\" srcset=\"https:\/\/turm-lahnstein.de\/wp-content\/uploads\/2019\/03\/p1000623-1.jpg 1400w, https:\/\/turm-lahnstein.de\/wp-content\/uploads\/2019\/03\/p1000623-1-225x300.jpg 225w, https:\/\/turm-lahnstein.de\/wp-content\/uploads\/2019\/03\/p1000623-1-768x1024.jpg 768w, https:\/\/turm-lahnstein.de\/wp-content\/uploads\/2019\/03\/p1000623-1-1152x1536.jpg 1152w\" sizes=\"(max-width: 611px) 100vw, 611px\" \/> <img loading=\"lazy\" decoding=\"async\" class=\"alignright size-large wp-image-4157\" src=\"https:\/\/turm-lahnstein.de\/wp-content\/uploads\/2019\/03\/ochtendung.jpg?w=611\" alt=\"\" width=\"611\" height=\"458\" srcset=\"https:\/\/turm-lahnstein.de\/wp-content\/uploads\/2019\/03\/ochtendung.jpg 640w, https:\/\/turm-lahnstein.de\/wp-content\/uploads\/2019\/03\/ochtendung-300x225.jpg 300w\" sizes=\"(max-width: 611px) 100vw, 611px\" \/><\/span><\/span><\/p>\n","protected":false},"excerpt":{"rendered":"<p>Jonathan gewinnt die U12! 3.Platz f\u00fcr Joshua (U14) und Vincent (U8)! Bei unserem ersten Jugendopen dieses Jahr waren wir in Ochtendung. Wegen des Landesentscheids im Schulschach, der A-Klasse und einem [&hellip;]<\/p>\n","protected":false},"author":2,"featured_media":0,"comment_status":"closed","ping_status":"closed","sticky":false,"template":"","format":"standard","meta":{"footnotes":""},"categories":[1],"tags":[],"_links":{"self":[{"href":"https:\/\/turm-lahnstein.de\/index.php?rest_route=\/wp\/v2\/posts\/4156"}],"collection":[{"href":"https:\/\/turm-lahnstein.de\/index.php?rest_route=\/wp\/v2\/posts"}],"about":[{"href":"https:\/\/turm-lahnstein.de\/index.php?rest_route=\/wp\/v2\/types\/post"}],"author":[{"embeddable":true,"href":"https:\/\/turm-lahnstein.de\/index.php?rest_route=\/wp\/v2\/users\/2"}],"replies":[{"embeddable":true,"href":"https:\/\/turm-lahnstein.de\/index.php?rest_route=%2Fwp%2Fv2%2Fcomments&post=4156"}],"version-history":[{"count":0,"href":"https:\/\/turm-lahnstein.de\/index.php?rest_route=\/wp\/v2\/posts\/4156\/revisions"}],"wp:attachment":[{"href":"https:\/\/turm-lahnstein.de\/index.php?rest_route=%2Fwp%2Fv2%2Fmedia&parent=4156"}],"wp:term":[{"taxonomy":"category","embeddable":true,"href":"https:\/\/turm-lahnstein.de\/index.php?rest_route=%2Fwp%2Fv2%2Fcategories&post=4156"},{"taxonomy":"post_tag","embeddable":true,"href":"https:\/\/turm-lahnstein.de\/index.php?rest_route=%2Fwp%2Fv2%2Ftags&post=4156"}],"curies":[{"name":"wp","href":"https:\/\/api.w.org\/{rel}","templated":true}]}}