{"id":4142,"date":"2019-03-10T18:42:27","date_gmt":"2019-03-10T18:42:27","guid":{"rendered":"https:\/\/turmlahnstein.wordpress.com\/?p=4142"},"modified":"2019-03-10T18:42:27","modified_gmt":"2019-03-10T18:42:27","slug":"rheinland-pfalzmeisterschaften-u10-u12","status":"publish","type":"post","link":"https:\/\/turm-lahnstein.de\/?p=4142","title":{"rendered":"Rheinland-Pfalzmeisterschaften U10\/U12"},"content":{"rendered":"<p><img loading=\"lazy\" decoding=\"async\" class=\"alignright size-large wp-image-4144\" src=\"https:\/\/turm-lahnstein.de\/wp-content\/uploads\/2019\/03\/rhl-pfalz-meuer.jpg?w=611\" alt=\"\" width=\"611\" height=\"557\" srcset=\"https:\/\/turm-lahnstein.de\/wp-content\/uploads\/2019\/03\/rhl-pfalz-meuer.jpg 1600w, https:\/\/turm-lahnstein.de\/wp-content\/uploads\/2019\/03\/rhl-pfalz-meuer-300x273.jpg 300w, https:\/\/turm-lahnstein.de\/wp-content\/uploads\/2019\/03\/rhl-pfalz-meuer-1024x933.jpg 1024w, https:\/\/turm-lahnstein.de\/wp-content\/uploads\/2019\/03\/rhl-pfalz-meuer-768x700.jpg 768w, https:\/\/turm-lahnstein.de\/wp-content\/uploads\/2019\/03\/rhl-pfalz-meuer-1536x1400.jpg 1536w\" sizes=\"(max-width: 611px) 100vw, 611px\" \/>Letztes Jahr waren wir Gastgeber des wichtigsten Jugendturnieres unseres Bundeslandes, 2019 waren wir zu Gast in Trier. 5 Lahnsteiner waren startberechtigt und wir geh\u00f6rten damit auch zu den teilnahmest\u00e4rksten Vereinen.<!--more-->Johanna spielte in der U10w. Dieses Jahr wurde das erste mal ein reines M\u00e4dchenturnier mit 8 Teilnehmern jeder gegen jeden durchgef\u00fchrt. Eine Favoritin gab es sicher nicht. Neben Johanna hatte nur ein M\u00e4dchen eine Wertungszahl. Beide unter 800, also mit noch wenig Aussagekraft. Nach zuletzt guten Trainingsleistungen trauten wir Johanna etwas zu. Gleich die erste Runde endete dramatisch. Nachdem Johanna lange Figur und Bauern mehr hatte, stellte sie unachtsam die Dame ein. Sie verlor auch noch die n\u00e4chsten 3 Runden an diesem Tag, wobei sie nur in der zweiten Runde wirklich \u00fcberspielt wurde, aber es sollte nicht sein. Am Sonntag konnte sie sich dann sammeln und alle drei Spiele gewinnen.<\/p>\n<p>In der U12 war f\u00fcr Jonathan und Christian die Teilnahme schon ein gro\u00dfer Erfolg. Es sollten aber auch hier ein paar Punkte sein. Beide leider aber immer wieder mit unn\u00f6tigen taktischen Fehlern und so blieb es bei Jonathan bei einem Punkt, w\u00e4hrend Christian immerhin zwei Punkte einsammelte. Lasse war erst kurzfristig durch eine Absage nachger\u00fcckt. An Nummer 10 gesetzt geh\u00f6rt er aber sicher dabei. Er spielte ein sehr ordentliches Turnier bei dem die Highlights fehlten. Schw\u00e4chere besiegte er sicher, nach oben war aber auch wenig drin, so dass er mit 3,5 Punkten einen guten Mittelfeldplatz erreichte. David geh\u00f6rte neben den Trierern Favoriten Julius Ohler und Matteo Metzdorf, die in der Reihenfolge auch ins Ziel kamen zu den Anw\u00e4rtern auf die beiden verbleibenden Qualifikationspl\u00e4tze zur DJEM. Dies ist f\u00fcr viele das ganz gro\u00dfe Ziel dieser Meisterschaft. David verlor nur gegen den Rheinland-Pfalzmeister Julius und konnte bei 4 Siegen und 2 Remis den 3.Platz erreichen. Dies ist f\u00fcr den zehnj\u00e4hrigen Lahnsteiner der gr\u00f6\u00dfte Erfolg in seiner noch jungen Karriere. Wir sind gespannt wir er bei den Deutschen Meisterschaften \u00fcber Pfingsten in Willingen\/Sauerland abschneidet.<\/p>\n<p><img loading=\"lazy\" decoding=\"async\" class=\"alignright size-large wp-image-4146\" src=\"https:\/\/turm-lahnstein.de\/wp-content\/uploads\/2019\/03\/rhl-pf-2019-tabelle-1.jpg?w=611\" alt=\"\" width=\"611\" height=\"815\" \/><\/p>\n","protected":false},"excerpt":{"rendered":"<p>Letztes Jahr waren wir Gastgeber des wichtigsten Jugendturnieres unseres Bundeslandes, 2019 waren wir zu Gast in Trier. 5 Lahnsteiner waren startberechtigt und wir geh\u00f6rten damit auch zu den teilnahmest\u00e4rksten Vereinen.<\/p>\n","protected":false},"author":2,"featured_media":0,"comment_status":"closed","ping_status":"closed","sticky":false,"template":"","format":"standard","meta":{"footnotes":""},"categories":[1],"tags":[],"_links":{"self":[{"href":"https:\/\/turm-lahnstein.de\/index.php?rest_route=\/wp\/v2\/posts\/4142"}],"collection":[{"href":"https:\/\/turm-lahnstein.de\/index.php?rest_route=\/wp\/v2\/posts"}],"about":[{"href":"https:\/\/turm-lahnstein.de\/index.php?rest_route=\/wp\/v2\/types\/post"}],"author":[{"embeddable":true,"href":"https:\/\/turm-lahnstein.de\/index.php?rest_route=\/wp\/v2\/users\/2"}],"replies":[{"embeddable":true,"href":"https:\/\/turm-lahnstein.de\/index.php?rest_route=%2Fwp%2Fv2%2Fcomments&post=4142"}],"version-history":[{"count":0,"href":"https:\/\/turm-lahnstein.de\/index.php?rest_route=\/wp\/v2\/posts\/4142\/revisions"}],"wp:attachment":[{"href":"https:\/\/turm-lahnstein.de\/index.php?rest_route=%2Fwp%2Fv2%2Fmedia&parent=4142"}],"wp:term":[{"taxonomy":"category","embeddable":true,"href":"https:\/\/turm-lahnstein.de\/index.php?rest_route=%2Fwp%2Fv2%2Fcategories&post=4142"},{"taxonomy":"post_tag","embeddable":true,"href":"https:\/\/turm-lahnstein.de\/index.php?rest_route=%2Fwp%2Fv2%2Ftags&post=4142"}],"curies":[{"name":"wp","href":"https:\/\/api.w.org\/{rel}","templated":true}]}}