{"id":4138,"date":"2019-02-26T10:52:39","date_gmt":"2019-02-26T10:52:39","guid":{"rendered":"https:\/\/turmlahnstein.wordpress.com\/?p=4138"},"modified":"2019-02-26T10:52:39","modified_gmt":"2019-02-26T10:52:39","slug":"pressebericht-gedraenge-am-tabellenende","status":"publish","type":"post","link":"https:\/\/turm-lahnstein.de\/?p=4138","title":{"rendered":"Pressebericht: Gedr\u00e4nge am Tabellenende"},"content":{"rendered":"<p><img loading=\"lazy\" decoding=\"async\" class=\"alignright size-full wp-image-68\" src=\"https:\/\/turm-lahnstein.de\/wp-content\/uploads\/2012\/09\/friedhelm_col.jpg\" alt=\"\" width=\"254\" height=\"248\" \/>Der Schachverein Turm Lahnstein konnte sich in der 2. Rheinland-Pfalz-Liga nicht vom Tabellenende l\u00f6sen. Das 4 : 4 gegen den punktgleichen Tabellenletzten SG Trier II war hart umk\u00e4mpft und kann sich als nicht ausreichend herausstellen, stehen doch noch zwei schwere Gegner in den abschlie\u00dfenden Runden aus. <!--more-->Zun\u00e4chst verliefen alle Partien auf Augenh\u00f6he und zeigten mal eher zugunsten der einen Seite oder der anderen Seite leichte Vorteile. In der zweiten Spielh\u00e4lfte wurde es dramatischer und Lahnstein geriet nach Verlusten durch Julian Voss und Friedhelm Schneider in R\u00fcckstand. Die Partien von Julian Hastrich, Bujar Murati, Sabrina Ley gingen Remis aus. Nach k\u00e4mpferisch ansprechenden Leistungen gewannen Stephan B\u00fcchner und Dennis Sanner und glichen aus, so dass das abschlie\u00dfende Unentschieden durch Ralf Teichgr\u00e4ber zum 4 : 4 Endstand f\u00fchrte.<\/p>\n<p>&nbsp;<\/p>\n<p>Das n\u00e4chste Spiel der Mannschaft f\u00fchrt am 17. M\u00e4rz zum SC Wittlich.<\/p>\n","protected":false},"excerpt":{"rendered":"<p>Der Schachverein Turm Lahnstein konnte sich in der 2. Rheinland-Pfalz-Liga nicht vom Tabellenende l\u00f6sen. Das 4 : 4 gegen den punktgleichen Tabellenletzten SG Trier II war hart umk\u00e4mpft und kann [&hellip;]<\/p>\n","protected":false},"author":4,"featured_media":0,"comment_status":"closed","ping_status":"closed","sticky":false,"template":"","format":"standard","meta":{"footnotes":""},"categories":[1],"tags":[],"_links":{"self":[{"href":"https:\/\/turm-lahnstein.de\/index.php?rest_route=\/wp\/v2\/posts\/4138"}],"collection":[{"href":"https:\/\/turm-lahnstein.de\/index.php?rest_route=\/wp\/v2\/posts"}],"about":[{"href":"https:\/\/turm-lahnstein.de\/index.php?rest_route=\/wp\/v2\/types\/post"}],"author":[{"embeddable":true,"href":"https:\/\/turm-lahnstein.de\/index.php?rest_route=\/wp\/v2\/users\/4"}],"replies":[{"embeddable":true,"href":"https:\/\/turm-lahnstein.de\/index.php?rest_route=%2Fwp%2Fv2%2Fcomments&post=4138"}],"version-history":[{"count":0,"href":"https:\/\/turm-lahnstein.de\/index.php?rest_route=\/wp\/v2\/posts\/4138\/revisions"}],"wp:attachment":[{"href":"https:\/\/turm-lahnstein.de\/index.php?rest_route=%2Fwp%2Fv2%2Fmedia&parent=4138"}],"wp:term":[{"taxonomy":"category","embeddable":true,"href":"https:\/\/turm-lahnstein.de\/index.php?rest_route=%2Fwp%2Fv2%2Fcategories&post=4138"},{"taxonomy":"post_tag","embeddable":true,"href":"https:\/\/turm-lahnstein.de\/index.php?rest_route=%2Fwp%2Fv2%2Ftags&post=4138"}],"curies":[{"name":"wp","href":"https:\/\/api.w.org\/{rel}","templated":true}]}}