{"id":4136,"date":"2019-02-25T14:20:55","date_gmt":"2019-02-25T14:20:55","guid":{"rendered":"https:\/\/turmlahnstein.wordpress.com\/?p=4136"},"modified":"2019-02-25T14:20:55","modified_gmt":"2019-02-25T14:20:55","slug":"vereinsmeisterschaft-4-runde-3","status":"publish","type":"post","link":"https:\/\/turm-lahnstein.de\/?p=4136","title":{"rendered":"Vereinsmeisterschaft 4.Runde"},"content":{"rendered":"<p>Bericht von Turnierleiter Michael Sefeloge:<\/p>\n<p>&nbsp;<\/p>\n<p>In dieser Runde wurde der Sturmlauf des Joshua Lenz vom Friedhelm Schneider gebremst, und zwar ziemlich heftig. Und da auch Werner Sonnhoff gegen Elmar Wiskirchen nichts anbrennen lies, sind jetzt beide \u00dcberflieger des letzten Jahres wieder vereint. <!--more-->Jakub Rezakovic und Ralf Teichgr\u00e4ber trennten sich Remis und bilden jetzt zusammen mit Dr. Axel M\u00fcller und Michael Sefeloge das Verfolgerfeld mit 2,5 Punkten. Im M\u00e4dchenduell holte sich Franziska gegen Zehra ihren ersten Punkt.<\/p>\n<p>&nbsp;<\/p>\n<ol start=\"4\">\n<li>Runde<\/li>\n<\/ol>\n<p>&nbsp;<\/p>\n<table>\n<tbody>\n<tr>\n<td width=\"253\">Friedhelm Schneider<\/td>\n<td width=\"94\">1:0<\/td>\n<td width=\"267\">Joshua Lenz<\/td>\n<\/tr>\n<tr>\n<td width=\"253\">Elmar Wiskirchen<\/td>\n<td width=\"94\">0:1<\/td>\n<td width=\"267\">Werner Sonnhoff<\/td>\n<\/tr>\n<tr>\n<td width=\"253\">Jakub Rezakovic<\/td>\n<td width=\"94\">r<\/td>\n<td width=\"267\">Ralf Teichgr\u00e4ber<\/td>\n<\/tr>\n<tr>\n<td width=\"253\">Michael Sefeloge<\/td>\n<td width=\"94\">1:0<\/td>\n<td width=\"267\">Peter Bida<\/td>\n<\/tr>\n<tr>\n<td width=\"253\">Dr. Axel M\u00fcller<\/td>\n<td width=\"94\">+:-<\/td>\n<td width=\"267\">Christian Samtleben<\/td>\n<\/tr>\n<tr>\n<td width=\"253\">Ben Seibel<\/td>\n<td width=\"94\">0:1<\/td>\n<td width=\"267\">Kurt Sanner<\/td>\n<\/tr>\n<tr>\n<td width=\"253\">Lasse Werling<\/td>\n<td width=\"94\">1:0<\/td>\n<td width=\"267\">Jonathan Lenz<\/td>\n<\/tr>\n<tr>\n<td width=\"253\">Franziska Herbel<\/td>\n<td width=\"94\">1:0<\/td>\n<td width=\"267\">Zehra \u00dcnal<\/td>\n<\/tr>\n<\/tbody>\n<\/table>\n<p>&nbsp;<\/p>\n<p>Auslosung der f\u00fcnften Runde (8. M\u00e4rz 2019)<\/p>\n<p>&nbsp;<\/p>\n<table>\n<tbody>\n<tr>\n<td width=\"253\">Werner Sonnhoff<\/td>\n<td width=\"94\">&nbsp;<\/td>\n<td width=\"267\">Joshua Lenz<\/td>\n<\/tr>\n<tr>\n<td width=\"253\">Ralf Teichgr\u00e4ber<\/td>\n<td width=\"94\">&nbsp;<\/td>\n<td width=\"267\">Friedhelm Schneider<\/td>\n<\/tr>\n<tr>\n<td width=\"253\">Dr. Axel M\u00fcller<\/td>\n<td width=\"94\">&nbsp;<\/td>\n<td width=\"267\">Michael Sefeloge<\/td>\n<\/tr>\n<tr>\n<td width=\"253\">Peter Bida<\/td>\n<td width=\"94\">&nbsp;<\/td>\n<td width=\"267\">Jakub Rezakovic<\/td>\n<\/tr>\n<tr>\n<td width=\"253\">Kurt Sanner<\/td>\n<td width=\"94\">&nbsp;<\/td>\n<td width=\"267\">Lasse Werling<\/td>\n<\/tr>\n<tr>\n<td width=\"253\">Jonathan Lenz<\/td>\n<td width=\"94\">&nbsp;<\/td>\n<td width=\"267\">Elmar Wiskirchen<\/td>\n<\/tr>\n<tr>\n<td width=\"253\">Franziska Herbel<\/td>\n<td width=\"94\">&nbsp;<\/td>\n<td width=\"267\">Ben Seibel<\/td>\n<\/tr>\n<tr>\n<td width=\"253\">Zehra \u00dcnal<\/td>\n<td width=\"94\">&nbsp;<\/td>\n<td width=\"267\">Christian Samtleben<\/td>\n<\/tr>\n<\/tbody>\n<\/table>\n<p>&nbsp;<\/p>\n<p>Rangliste nach f\u00fcnf Runden<\/p>\n<p>&nbsp;<\/p>\n<table>\n<tbody>\n<tr>\n<td width=\"73\"><strong>Rang<\/strong><\/td>\n<td width=\"180\"><strong>Teilnehmer<\/strong><\/td>\n<td width=\"94\"><strong>DWZ<\/strong><\/td>\n<td width=\"104\"><strong>Punkte<\/strong><\/td>\n<td width=\"85\"><strong>BH<\/strong><\/td>\n<td width=\"78\"><strong>SB<\/strong><\/td>\n<\/tr>\n<tr>\n<td width=\"73\"><strong>\u00a0<\/strong><\/td>\n<td width=\"180\"><strong>\u00a0<\/strong><\/td>\n<td width=\"94\"><strong>\u00a0<\/strong><\/td>\n<td width=\"104\"><strong>\u00a0<\/strong><\/td>\n<td width=\"85\"><strong>\u00a0<\/strong><\/td>\n<td width=\"78\"><strong>\u00a0<\/strong><\/td>\n<\/tr>\n<tr>\n<td width=\"73\">01<\/td>\n<td width=\"180\">Friedhelm Schneider<\/td>\n<td width=\"94\">1908<\/td>\n<td width=\"104\">3.5<\/td>\n<td width=\"85\">16.0<\/td>\n<td width=\"78\">9.50<\/td>\n<\/tr>\n<tr>\n<td width=\"73\">02<\/td>\n<td width=\"180\">Werner Sonnhoff<\/td>\n<td width=\"94\">1710<\/td>\n<td width=\"104\">3.5<\/td>\n<td width=\"85\">15.0<\/td>\n<td width=\"78\">8.50<\/td>\n<\/tr>\n<tr>\n<td width=\"73\">03<\/td>\n<td width=\"180\">Joshua Lenz<\/td>\n<td width=\"94\">1544<\/td>\n<td width=\"104\">3.0<\/td>\n<td width=\"85\">16.5<\/td>\n<td width=\"78\">8.50<\/td>\n<\/tr>\n<tr>\n<td width=\"73\">04<\/td>\n<td width=\"180\">Ralf Teichgr\u00e4ber<\/td>\n<td width=\"94\">1915<\/td>\n<td width=\"104\">2.5<\/td>\n<td width=\"85\">14.5<\/td>\n<td width=\"78\">6.75<\/td>\n<\/tr>\n<tr>\n<td width=\"73\">05<\/td>\n<td width=\"180\">Jakub Rezakovic<\/td>\n<td width=\"94\">1678<\/td>\n<td width=\"104\">2.5<\/td>\n<td width=\"85\">14.0<\/td>\n<td width=\"78\">5.50<\/td>\n<\/tr>\n<tr>\n<td width=\"73\">05<\/td>\n<td width=\"180\">Michael Sefeloge<\/td>\n<td width=\"94\">1660<\/td>\n<td width=\"104\">2.5<\/td>\n<td width=\"85\">14.0<\/td>\n<td width=\"78\">5.50<\/td>\n<\/tr>\n<tr>\n<td width=\"73\">07<\/td>\n<td width=\"180\">Dr. Axel M\u00fcller<\/td>\n<td width=\"94\">1589<\/td>\n<td width=\"104\">2.5<\/td>\n<td width=\"85\">12.5<\/td>\n<td width=\"78\">4.00<\/td>\n<\/tr>\n<tr>\n<td width=\"73\">08<\/td>\n<td width=\"180\">Kurt Sanner<\/td>\n<td width=\"94\">1627<\/td>\n<td width=\"104\">2.0<\/td>\n<td width=\"85\">14.0<\/td>\n<td width=\"78\">4.00<\/td>\n<\/tr>\n<tr>\n<td width=\"73\">09<\/td>\n<td width=\"180\">Lasse Werling<\/td>\n<td width=\"94\">1266<\/td>\n<td width=\"104\">2.0<\/td>\n<td width=\"85\">13.0<\/td>\n<td width=\"78\">3.50<\/td>\n<\/tr>\n<tr>\n<td width=\"73\">10<\/td>\n<td width=\"180\">Peter Bida<\/td>\n<td width=\"94\">815<\/td>\n<td width=\"104\">2.0<\/td>\n<td width=\"85\">12.5<\/td>\n<td width=\"78\">4.00<\/td>\n<\/tr>\n<tr>\n<td width=\"73\">11<\/td>\n<td width=\"180\">Elmar Wiskirchen<\/td>\n<td width=\"94\">1095<\/td>\n<td width=\"104\">2.0<\/td>\n<td width=\"85\">12.5<\/td>\n<td width=\"78\">2.50<\/td>\n<\/tr>\n<tr>\n<td width=\"73\">12<\/td>\n<td width=\"180\">Jonathan Lenz<\/td>\n<td width=\"94\">1054<\/td>\n<td width=\"104\">1.0<\/td>\n<td width=\"85\">12.5<\/td>\n<td width=\"78\">1.50<\/td>\n<\/tr>\n<tr>\n<td width=\"73\">13<\/td>\n<td width=\"180\">Christian Samtleben<\/td>\n<td width=\"94\">1145<\/td>\n<td width=\"104\">1.0<\/td>\n<td width=\"85\">11.0<\/td>\n<td width=\"78\">1.50<\/td>\n<\/tr>\n<tr>\n<td width=\"73\">14<\/td>\n<td width=\"180\">Ben Seibel<\/td>\n<td width=\"94\">866<\/td>\n<td width=\"104\">1.0<\/td>\n<td width=\"85\">11.0<\/td>\n<td width=\"78\">0.50<\/td>\n<\/tr>\n<tr>\n<td width=\"73\">15<\/td>\n<td width=\"180\">Franziska Herbel<\/td>\n<td width=\"94\">848<\/td>\n<td width=\"104\">1.0<\/td>\n<td width=\"85\">10.0<\/td>\n<td width=\"78\">0.50<\/td>\n<\/tr>\n<tr>\n<td width=\"73\">16<\/td>\n<td width=\"180\">Zehra \u00dcnal<\/td>\n<td width=\"94\">673<\/td>\n<td width=\"104\">0.0<\/td>\n<td width=\"85\">9.0<\/td>\n<td width=\"78\">0.00<\/td>\n<\/tr>\n<\/tbody>\n<\/table>\n<p>&nbsp;<\/p>\n","protected":false},"excerpt":{"rendered":"<p>Bericht von Turnierleiter Michael Sefeloge: &nbsp; In dieser Runde wurde der Sturmlauf des Joshua Lenz vom Friedhelm Schneider gebremst, und zwar ziemlich heftig. Und da auch Werner Sonnhoff gegen Elmar [&hellip;]<\/p>\n","protected":false},"author":4,"featured_media":0,"comment_status":"closed","ping_status":"closed","sticky":false,"template":"","format":"standard","meta":{"footnotes":""},"categories":[1],"tags":[],"_links":{"self":[{"href":"https:\/\/turm-lahnstein.de\/index.php?rest_route=\/wp\/v2\/posts\/4136"}],"collection":[{"href":"https:\/\/turm-lahnstein.de\/index.php?rest_route=\/wp\/v2\/posts"}],"about":[{"href":"https:\/\/turm-lahnstein.de\/index.php?rest_route=\/wp\/v2\/types\/post"}],"author":[{"embeddable":true,"href":"https:\/\/turm-lahnstein.de\/index.php?rest_route=\/wp\/v2\/users\/4"}],"replies":[{"embeddable":true,"href":"https:\/\/turm-lahnstein.de\/index.php?rest_route=%2Fwp%2Fv2%2Fcomments&post=4136"}],"version-history":[{"count":0,"href":"https:\/\/turm-lahnstein.de\/index.php?rest_route=\/wp\/v2\/posts\/4136\/revisions"}],"wp:attachment":[{"href":"https:\/\/turm-lahnstein.de\/index.php?rest_route=%2Fwp%2Fv2%2Fmedia&parent=4136"}],"wp:term":[{"taxonomy":"category","embeddable":true,"href":"https:\/\/turm-lahnstein.de\/index.php?rest_route=%2Fwp%2Fv2%2Fcategories&post=4136"},{"taxonomy":"post_tag","embeddable":true,"href":"https:\/\/turm-lahnstein.de\/index.php?rest_route=%2Fwp%2Fv2%2Ftags&post=4136"}],"curies":[{"name":"wp","href":"https:\/\/api.w.org\/{rel}","templated":true}]}}