{"id":4124,"date":"2019-02-14T07:15:33","date_gmt":"2019-02-14T07:15:33","guid":{"rendered":"https:\/\/turmlahnstein.wordpress.com\/?p=4124"},"modified":"2019-02-14T07:15:33","modified_gmt":"2019-02-14T07:15:33","slug":"pressebericht-landesmeisterschaft-der-allerjuengsten","status":"publish","type":"post","link":"https:\/\/turm-lahnstein.de\/?p=4124","title":{"rendered":"Pressebericht: Landesmeisterschaft der Allerj\u00fcngsten"},"content":{"rendered":"<p><img loading=\"lazy\" decoding=\"async\" class=\"alignright size-full wp-image-68\" src=\"https:\/\/turm-lahnstein.de\/wp-content\/uploads\/2012\/09\/friedhelm_col.jpg\" alt=\"\" width=\"254\" height=\"248\" \/>Bei der offenen Rheinland-Pfalz-Meisterschaft f\u00fcr die Altersklasse U(nter) 8 (Jahren) nahmen vom Schachverein Turm Lahnstein die beiden siebenj\u00e4hrigen Julius Hoppe und Vincent Oehl teil. <!--more-->Gespielt wurde im Dynamikum Pirmasens und auch in der j\u00fcngsten Altersklasse ist nat\u00fcrlich das Mitspielen bei einer Landesmeisterschaft sehr motivierend. Mit 3 bzw. 3,5 Punkten aus jeweils sieben Partien sicherten sich Julius und Vincent Pl\u00e4tze im Mittelfeld.<\/p>\n<p>Unter einem ungl\u00fccklichen Stern stand das aktuelle Spiel des dritten Mannschaft des Vereins in Leideneck\/ Hunsr\u00fcck. Wegen krankheitsbedingtem kurzfristigen Ausfall eines Spielers konnte man nur zu viert antreten, was einen kampflosen 0 : 1 R\u00fcckstand bedeutete. Da Colin Klinkner nach spannendem Partieverlauf seinem Gegner zum Sieg gratulieren musste und nur Peter Ley gewann hie\u00df es am Ende 2 : 3 gegen die Rhein-Lahn-St\u00e4dter. Die beiden elfj\u00e4hrigen Lasse Werling und Peter Bida, letzterer bei seinem ersten Einsatz in dieser Klasse, erzielten je ein Remis.<\/p>\n<p>&nbsp;<\/p>\n<p>&nbsp;<\/p>\n<p>&nbsp;<\/p>\n","protected":false},"excerpt":{"rendered":"<p>Bei der offenen Rheinland-Pfalz-Meisterschaft f\u00fcr die Altersklasse U(nter) 8 (Jahren) nahmen vom Schachverein Turm Lahnstein die beiden siebenj\u00e4hrigen Julius Hoppe und Vincent Oehl teil.<\/p>\n","protected":false},"author":4,"featured_media":0,"comment_status":"closed","ping_status":"closed","sticky":false,"template":"","format":"standard","meta":{"footnotes":""},"categories":[1],"tags":[],"_links":{"self":[{"href":"https:\/\/turm-lahnstein.de\/index.php?rest_route=\/wp\/v2\/posts\/4124"}],"collection":[{"href":"https:\/\/turm-lahnstein.de\/index.php?rest_route=\/wp\/v2\/posts"}],"about":[{"href":"https:\/\/turm-lahnstein.de\/index.php?rest_route=\/wp\/v2\/types\/post"}],"author":[{"embeddable":true,"href":"https:\/\/turm-lahnstein.de\/index.php?rest_route=\/wp\/v2\/users\/4"}],"replies":[{"embeddable":true,"href":"https:\/\/turm-lahnstein.de\/index.php?rest_route=%2Fwp%2Fv2%2Fcomments&post=4124"}],"version-history":[{"count":0,"href":"https:\/\/turm-lahnstein.de\/index.php?rest_route=\/wp\/v2\/posts\/4124\/revisions"}],"wp:attachment":[{"href":"https:\/\/turm-lahnstein.de\/index.php?rest_route=%2Fwp%2Fv2%2Fmedia&parent=4124"}],"wp:term":[{"taxonomy":"category","embeddable":true,"href":"https:\/\/turm-lahnstein.de\/index.php?rest_route=%2Fwp%2Fv2%2Fcategories&post=4124"},{"taxonomy":"post_tag","embeddable":true,"href":"https:\/\/turm-lahnstein.de\/index.php?rest_route=%2Fwp%2Fv2%2Ftags&post=4124"}],"curies":[{"name":"wp","href":"https:\/\/api.w.org\/{rel}","templated":true}]}}