{"id":4118,"date":"2019-02-07T07:15:30","date_gmt":"2019-02-07T07:15:30","guid":{"rendered":"https:\/\/turmlahnstein.wordpress.com\/?p=4118"},"modified":"2019-02-07T07:15:30","modified_gmt":"2019-02-07T07:15:30","slug":"pressebericht-auf-und-ab-bei-mannschaftskaempfen","status":"publish","type":"post","link":"https:\/\/turm-lahnstein.de\/?p=4118","title":{"rendered":"Pressebericht: Auf und Ab bei Mannschaftsk\u00e4mpfen"},"content":{"rendered":"<p><img loading=\"lazy\" decoding=\"async\" class=\"alignright size-full wp-image-68\" src=\"https:\/\/turm-lahnstein.de\/wp-content\/uploads\/2012\/09\/friedhelm_col.jpg\" alt=\"\" width=\"254\" height=\"248\" \/>Die aktuellen Ergebnisse aus den Mannschaftsk\u00e4mpfen konnte die Schachfreunde des Schachvereins Turm Lahnstein nicht zufrieden stellen. Im wichtigen Spiel der 2. Rheinland-Pfalz-Liga beim Lokalrivalen VfR Koblenz II musste sich die erste Mannschaft mit einem 4 : 4 Unentschieden begn\u00fcgen, was ein weiteres Absacken auf den vorletzten Tabellenplatz nicht verhindern konnte. <!--more-->Sabrina Ley beeindruckte durch ihren Partiegewinn an Brett 1; dies blieb aber der einzige, wenn auch sechs weitere Partien remis ausgingen und nur eine verloren ging. Das n\u00e4chste Spiel am 17.02. gegen den punktgleichen SK Trier ist damit schon von immanenter Wichtigkeit.<\/p>\n<p>Einen herben R\u00fcckschlag musste die bisher ungeschlagene zweite Mannschaft in der Bezirksliga hinnehmen, wobei die Niederlage mit 2 : 5 gegen die SG Pieroth\/Burg Layen zu allem \u00dcberfluss auch deutlich ausfiel. Hier gelang den Lahnsteinern kein einziger Partiegewinn, sondern lediglich vier Remisen standen letztlich auf der Habenseite bei drei Verlusten. Hinter dem neuen Tabellenf\u00fchrer SG G\u00fcls fielen die Rhein-Lahn-St\u00e4dter damit auf den zweiten Platz zur\u00fcck.<\/p>\n<p>&nbsp;<\/p>\n","protected":false},"excerpt":{"rendered":"<p>Die aktuellen Ergebnisse aus den Mannschaftsk\u00e4mpfen konnte die Schachfreunde des Schachvereins Turm Lahnstein nicht zufrieden stellen. Im wichtigen Spiel der 2. Rheinland-Pfalz-Liga beim Lokalrivalen VfR Koblenz II musste sich die [&hellip;]<\/p>\n","protected":false},"author":4,"featured_media":0,"comment_status":"closed","ping_status":"closed","sticky":false,"template":"","format":"standard","meta":{"footnotes":""},"categories":[1],"tags":[],"_links":{"self":[{"href":"https:\/\/turm-lahnstein.de\/index.php?rest_route=\/wp\/v2\/posts\/4118"}],"collection":[{"href":"https:\/\/turm-lahnstein.de\/index.php?rest_route=\/wp\/v2\/posts"}],"about":[{"href":"https:\/\/turm-lahnstein.de\/index.php?rest_route=\/wp\/v2\/types\/post"}],"author":[{"embeddable":true,"href":"https:\/\/turm-lahnstein.de\/index.php?rest_route=\/wp\/v2\/users\/4"}],"replies":[{"embeddable":true,"href":"https:\/\/turm-lahnstein.de\/index.php?rest_route=%2Fwp%2Fv2%2Fcomments&post=4118"}],"version-history":[{"count":0,"href":"https:\/\/turm-lahnstein.de\/index.php?rest_route=\/wp\/v2\/posts\/4118\/revisions"}],"wp:attachment":[{"href":"https:\/\/turm-lahnstein.de\/index.php?rest_route=%2Fwp%2Fv2%2Fmedia&parent=4118"}],"wp:term":[{"taxonomy":"category","embeddable":true,"href":"https:\/\/turm-lahnstein.de\/index.php?rest_route=%2Fwp%2Fv2%2Fcategories&post=4118"},{"taxonomy":"post_tag","embeddable":true,"href":"https:\/\/turm-lahnstein.de\/index.php?rest_route=%2Fwp%2Fv2%2Ftags&post=4118"}],"curies":[{"name":"wp","href":"https:\/\/api.w.org\/{rel}","templated":true}]}}