{"id":4109,"date":"2019-02-04T10:55:48","date_gmt":"2019-02-04T10:55:48","guid":{"rendered":"https:\/\/turmlahnstein.wordpress.com\/?p=4109"},"modified":"2019-02-04T10:55:48","modified_gmt":"2019-02-04T10:55:48","slug":"vereinsmeisterschaft-2019-2-runde","status":"publish","type":"post","link":"https:\/\/turm-lahnstein.de\/?p=4109","title":{"rendered":"Vereinsmeisterschaft 2019 2.Runde"},"content":{"rendered":"<p>Bericht von Turnierleiter Michael Sefeloge:<\/p>\n<p>So langsam nimmt dieses Turnier Fahrt auf. Dr. Axel M\u00fcller konnte seine Partie gegen Ralf Teichgr\u00e4ber Unentschieden halten, w\u00e4hrend der Turnierleiter Joshua Lenz zuerst ohne Not eine Qualit\u00e4t vorgab und dann bei knapper Zeit \u00fcberspielt wurde. <!--more-->Und Werner Sonnhoff konnte erst im Endspiel den hartn\u00e4ckigen Widerstand von Lasse Werling brechen. Von den anderen Spielen habe ich nichts mitbekommen.<\/p>\n<p>&nbsp;<\/p>\n<ol start=\"2\">\n<li>Runde<\/li>\n<\/ol>\n<p>&nbsp;<\/p>\n<table>\n<tbody>\n<tr>\n<td width=\"253\">Dr. Axel M\u00fcller<\/td>\n<td width=\"94\">r<\/td>\n<td width=\"267\">Ralf Teichgr\u00e4ber<\/td>\n<\/tr>\n<tr>\n<td width=\"253\">Friedhelm Schneider<\/td>\n<td width=\"94\">1:0<\/td>\n<td width=\"267\">Kurt Sanner<\/td>\n<\/tr>\n<tr>\n<td width=\"253\">Lasse Werling<\/td>\n<td width=\"94\">0:1<\/td>\n<td width=\"267\">Werner Sonnhoff<\/td>\n<\/tr>\n<tr>\n<td width=\"253\">Michael Sefeloge<\/td>\n<td width=\"94\">0:1<\/td>\n<td width=\"267\">Joshua Lenz<\/td>\n<\/tr>\n<tr>\n<td width=\"253\">Elmar Wiskirchen<\/td>\n<td width=\"94\">1:0<\/td>\n<td width=\"267\">Zehra \u00dcnal<\/td>\n<\/tr>\n<tr>\n<td width=\"253\">Peter Bida<\/td>\n<td width=\"94\">1:0<\/td>\n<td width=\"267\">Jonathan Lenz<\/td>\n<\/tr>\n<tr>\n<td width=\"253\">Ben Seibel<\/td>\n<td width=\"94\">0:1<\/td>\n<td width=\"267\">Christian Samtleben<\/td>\n<\/tr>\n<tr>\n<td width=\"253\">Jakub Rezakovic<\/td>\n<td width=\"94\">1:0<\/td>\n<td width=\"267\">Franziska Herbel<\/td>\n<\/tr>\n<\/tbody>\n<\/table>\n<p>&nbsp;<\/p>\n<p>Auslosung der 3. Runde (8. Februar 2019)<\/p>\n<p>&nbsp;<\/p>\n<table>\n<tbody>\n<tr>\n<td width=\"253\">Werner Sonnhoff<\/td>\n<td width=\"94\">&nbsp;<\/td>\n<td width=\"267\">Friedhelm Schneider<\/td>\n<\/tr>\n<tr>\n<td width=\"253\">Joshua Lenz<\/td>\n<td width=\"94\">&nbsp;<\/td>\n<td width=\"267\">Dr. Axel M\u00fcller<\/td>\n<\/tr>\n<tr>\n<td width=\"253\">Ralf Teichgr\u00e4ber<\/td>\n<td width=\"94\">&nbsp;<\/td>\n<td width=\"267\">Michael Sefeloge<\/td>\n<\/tr>\n<tr>\n<td width=\"253\">Kurt Sanner<\/td>\n<td width=\"94\">&nbsp;<\/td>\n<td width=\"267\">Jakub Rezakovic<\/td>\n<\/tr>\n<tr>\n<td width=\"253\">Peter Bida<\/td>\n<td width=\"94\">&nbsp;<\/td>\n<td width=\"267\">Lasse Werling<\/td>\n<\/tr>\n<tr>\n<td width=\"253\">Christian Samtleben<\/td>\n<td width=\"94\">&nbsp;<\/td>\n<td width=\"267\">Elmar Wiskirchen<\/td>\n<\/tr>\n<tr>\n<td width=\"253\">Jonathan Lenz<\/td>\n<td width=\"94\">&nbsp;<\/td>\n<td width=\"267\">Franziska Herbel<\/td>\n<\/tr>\n<tr>\n<td width=\"253\">Zehra \u00dcnal<\/td>\n<td width=\"94\">&nbsp;<\/td>\n<td width=\"267\">Ben Seibel<\/td>\n<\/tr>\n<\/tbody>\n<\/table>\n<p>&nbsp;<\/p>\n","protected":false},"excerpt":{"rendered":"<p>Bericht von Turnierleiter Michael Sefeloge: So langsam nimmt dieses Turnier Fahrt auf. Dr. Axel M\u00fcller konnte seine Partie gegen Ralf Teichgr\u00e4ber Unentschieden halten, w\u00e4hrend der Turnierleiter Joshua Lenz zuerst ohne [&hellip;]<\/p>\n","protected":false},"author":4,"featured_media":0,"comment_status":"closed","ping_status":"closed","sticky":false,"template":"","format":"standard","meta":{"footnotes":""},"categories":[1],"tags":[],"_links":{"self":[{"href":"https:\/\/turm-lahnstein.de\/index.php?rest_route=\/wp\/v2\/posts\/4109"}],"collection":[{"href":"https:\/\/turm-lahnstein.de\/index.php?rest_route=\/wp\/v2\/posts"}],"about":[{"href":"https:\/\/turm-lahnstein.de\/index.php?rest_route=\/wp\/v2\/types\/post"}],"author":[{"embeddable":true,"href":"https:\/\/turm-lahnstein.de\/index.php?rest_route=\/wp\/v2\/users\/4"}],"replies":[{"embeddable":true,"href":"https:\/\/turm-lahnstein.de\/index.php?rest_route=%2Fwp%2Fv2%2Fcomments&post=4109"}],"version-history":[{"count":0,"href":"https:\/\/turm-lahnstein.de\/index.php?rest_route=\/wp\/v2\/posts\/4109\/revisions"}],"wp:attachment":[{"href":"https:\/\/turm-lahnstein.de\/index.php?rest_route=%2Fwp%2Fv2%2Fmedia&parent=4109"}],"wp:term":[{"taxonomy":"category","embeddable":true,"href":"https:\/\/turm-lahnstein.de\/index.php?rest_route=%2Fwp%2Fv2%2Fcategories&post=4109"},{"taxonomy":"post_tag","embeddable":true,"href":"https:\/\/turm-lahnstein.de\/index.php?rest_route=%2Fwp%2Fv2%2Ftags&post=4109"}],"curies":[{"name":"wp","href":"https:\/\/api.w.org\/{rel}","templated":true}]}}