{"id":4082,"date":"2019-01-10T08:24:30","date_gmt":"2019-01-10T08:24:30","guid":{"rendered":"https:\/\/turmlahnstein.wordpress.com\/?p=4082"},"modified":"2019-01-10T08:24:30","modified_gmt":"2019-01-10T08:24:30","slug":"pressebericht-acht-lahnsteiner-bei-den-jugend-rheinlandmeisterschaften","status":"publish","type":"post","link":"https:\/\/turm-lahnstein.de\/?p=4082","title":{"rendered":"Pressebericht: Acht Lahnsteiner bei den Jugend-Rheinlandmeisterschaften"},"content":{"rendered":"<p><img loading=\"lazy\" decoding=\"async\" class=\"alignright size-full wp-image-68\" src=\"https:\/\/turm-lahnstein.de\/wp-content\/uploads\/2012\/09\/friedhelm_col.jpg\" alt=\"\" width=\"254\" height=\"248\" \/>Bei den Rheinlandmeisterschaften der Schachjugend war der Schachverein Turm Lahnstein mit acht Kindern vertreten, die ausschlie\u00dflich in den j\u00fcngeren Altersklassen antraten. Das Turnier fand in den ersten Januartagen in der Jugendherberge Cochem statt.\u00a0\u00a0<!--more--><\/p>\n<p>J\u00fcngste der Lahnsteiner war die gerade neun Jahre alt gewordene Johanna Lenz, die in der Altersklasse U 10 im 22k\u00f6pfigen Teilnehmerfeld munter mitmischte und schlie\u00dflich mit vier von sieben m\u00f6glichen Punkten Platz acht belegte. In der M\u00e4dchenwertung war sie punktgleich mit zwei anderen M\u00e4dchen Beste und belegte im Stichkampf schlie\u00dflich Platz Zwei.<\/p>\n<p>Die meisten Lahnsteiner tummelten sich in der Altersklasse U 12, die mit sechsundzwanzig Teilnehmerinnen und Teilnehmern auch zahlenm\u00e4\u00dfig am st\u00e4rksten besetzt war, Franziska Herbel holte 2,5 Punkte und wurde drittbestes M\u00e4dchen. Zehra \u00dcnal musste sich mit 1,5 Punkten begn\u00fcgen. Bei den Jungen lagen die Erwartungen teilweise noch h\u00f6her. Seiner Mitfavoritenstellung gerecht wurde David Meuer, der mit seiner hartn\u00e4ckigen Spielweise 5,5 Punkte sammelte, nur gegen den Turniersieger eine Partie verlor und damit Zweiter wurde. Ein tolles Turnier spielte auch Jonathan Lenz, der mit 4,5 Punkten abschloss und damit auch die sichere Qualifikation zur Rheinland-Pfalz-Meisterschaft in der Tasche hat. Vielleicht auch noch Chancen, \u00fcber einen Nachr\u00fcckerplatz zur Landesmeisterschaft zu kommen, haben dank guter Leistung Christian Samtleben und Lasse Werling, die mit je vier Punkten die R\u00e4nge acht und elf belegten. Bitter f\u00fcr die Lahnsteiner, dass in der letzten Runde David und Lasse gegeneinander gelost wurden und einer im Falle der Niederlage\u00a0 zwangsweise nicht mehr den Sprung unter die ersten f\u00fcnf schaffen konnte. Dies traf schlie\u00dflich Lasse, w\u00e4hrend David seinen wichtigen Punkt erk\u00e4mpfte.<\/p>\n<p>\u201e\u00c4ltester\u201c der Lahnsteiner war der noch zw\u00f6lfj\u00e4hrige Joshua Lenz, der in der Altersklasse U 14 spielte. Er zeigte auch gute Partien, war in einigen Momenten vielleicht zu ungeduldig, um alle M\u00f6glichkeiten auszusch\u00f6pfen. 4,5 Punkte und ein vierter Platz sind ein Erfolg, aber das Sahneh\u00e4ubchen zum Sprung auf das Podest der ersten Drei fehlte noch.<\/p>\n","protected":false},"excerpt":{"rendered":"<p>Bei den Rheinlandmeisterschaften der Schachjugend war der Schachverein Turm Lahnstein mit acht Kindern vertreten, die ausschlie\u00dflich in den j\u00fcngeren Altersklassen antraten. Das Turnier fand in den ersten Januartagen in der [&hellip;]<\/p>\n","protected":false},"author":4,"featured_media":0,"comment_status":"closed","ping_status":"closed","sticky":false,"template":"","format":"standard","meta":{"footnotes":""},"categories":[1],"tags":[],"_links":{"self":[{"href":"https:\/\/turm-lahnstein.de\/index.php?rest_route=\/wp\/v2\/posts\/4082"}],"collection":[{"href":"https:\/\/turm-lahnstein.de\/index.php?rest_route=\/wp\/v2\/posts"}],"about":[{"href":"https:\/\/turm-lahnstein.de\/index.php?rest_route=\/wp\/v2\/types\/post"}],"author":[{"embeddable":true,"href":"https:\/\/turm-lahnstein.de\/index.php?rest_route=\/wp\/v2\/users\/4"}],"replies":[{"embeddable":true,"href":"https:\/\/turm-lahnstein.de\/index.php?rest_route=%2Fwp%2Fv2%2Fcomments&post=4082"}],"version-history":[{"count":0,"href":"https:\/\/turm-lahnstein.de\/index.php?rest_route=\/wp\/v2\/posts\/4082\/revisions"}],"wp:attachment":[{"href":"https:\/\/turm-lahnstein.de\/index.php?rest_route=%2Fwp%2Fv2%2Fmedia&parent=4082"}],"wp:term":[{"taxonomy":"category","embeddable":true,"href":"https:\/\/turm-lahnstein.de\/index.php?rest_route=%2Fwp%2Fv2%2Fcategories&post=4082"},{"taxonomy":"post_tag","embeddable":true,"href":"https:\/\/turm-lahnstein.de\/index.php?rest_route=%2Fwp%2Fv2%2Ftags&post=4082"}],"curies":[{"name":"wp","href":"https:\/\/api.w.org\/{rel}","templated":true}]}}