{"id":4070,"date":"2019-01-07T19:55:35","date_gmt":"2019-01-07T19:55:35","guid":{"rendered":"https:\/\/turmlahnstein.wordpress.com\/?p=4070"},"modified":"2019-01-07T19:55:35","modified_gmt":"2019-01-07T19:55:35","slug":"jugend-rheinlandmeisterschaft-2019-in-cochem","status":"publish","type":"post","link":"https:\/\/turm-lahnstein.de\/?p=4070","title":{"rendered":"Jugend-Rheinlandmeisterschaft 2019 in Cochem"},"content":{"rendered":"<p><span style=\"color:#000000;font-family:Calibri;\"><img loading=\"lazy\" decoding=\"async\" class=\"alignright size-large wp-image-4078\" src=\"https:\/\/turmlahnstein.files.wordpress.com\/2019\/01\/img-20190107-wa0012.jpg?w=611\" alt=\"\" width=\"611\" height=\"297\" srcset=\"https:\/\/turm-lahnstein.de\/wp-content\/uploads\/2019\/01\/img-20190107-wa0012.jpg 1600w, https:\/\/turm-lahnstein.de\/wp-content\/uploads\/2019\/01\/img-20190107-wa0012-300x146.jpg 300w, https:\/\/turm-lahnstein.de\/wp-content\/uploads\/2019\/01\/img-20190107-wa0012-1024x497.jpg 1024w, https:\/\/turm-lahnstein.de\/wp-content\/uploads\/2019\/01\/img-20190107-wa0012-768x373.jpg 768w, https:\/\/turm-lahnstein.de\/wp-content\/uploads\/2019\/01\/img-20190107-wa0012-1536x746.jpg 1536w\" sizes=\"(max-width: 611px) 100vw, 611px\" \/>So wie man h\u00f6rt werden die Jugendmeisterschaften voraussichtlich das letzte Mal zu Jahresbeginn ausgetragen.\u00a0 Der ver\u00e4nderte Ferienkalender unseres Bundeslandes erzwingt eine Verlegung\u00a0 in die Herbstferien. Wer hofft hier mitspielen zu k\u00f6nnen, sollte sich in 2019 den Termin freihalten.<\/span><!--more--><\/p>\n<p><span style=\"color:#000000;font-family:Calibri;\">In Cochem starteten am 2.1. die \u00e4lteren Jahrg\u00e4nge, wo wir nur Joshua in der U14 am Start hatten. Nach zwei sicheren Siegen und einem umk\u00e4mpften Remis, in dem er lange auf den vollen Punkt hoffen konnte, kam ab Runde 4 Sand ins Getriebe. Wieder einmal spielte \u00a0ihm seine Ungeduld einen Streich, verbraucht er doch im Schnitt nur halb so viel Bedenkzeit wie seine Gegner. \u00a0Mit 4,5 Punkten aus 7 Partien und einem guten 4.Platz hat er noch Chancen f\u00fcr die auf einen Platz bei den Rhl-Pfalzmeisterschaften.<\/span><\/p>\n<p><span style=\"color:#000000;font-family:Calibri;\">Zwei Tage sp\u00e4ter trafen dann die \u201aKleinen\u2019 ein und hier waren wir mit Johanna in der U10 und 6 Teilnehmern in der U12 stark vertreten. Johanna holte dabei mit dem Vizerheinlandmeistertitel eines unserer besten Ergebnisse. Nach Zweitwertung lag sie bei den M\u00e4dchen sogar recht klar vorne, aber bei den Rheinlandmeisterschaften werden Titel bei Gleichstand im Blitzen ausgespielt, eine Disziplin die Johanna nicht liegt und ich kann mich an kaum eine Blitzpartie von ihr erinnern. Bei 3 punktgleichen M\u00e4dchen holte sie immerhin noch den 2.Platz.<\/span><\/p>\n<p><span style=\"color:#000000;font-family:Calibri;\">In der U12 spielten mit Zehra und Franziska zwei Lahnsteiner M\u00e4dchen mit. Franzi spielerisch sehr stark, aber ohne den n\u00f6tigen Abschluss. \u00c4rgerlich als sie in Runde 5 im Endspiel einen Mehrturm wieder einstellt. In der letzten Runde braucht sie noch einen Punkt f\u00fcr die Qualifikation, spielt wieder gut, l\u00e4sst ihren K\u00f6nig aber zu lange in der Mitte und verliert. Mit 2,5 Punkten landete sie auf dem 3.Platz von 6 M\u00e4dchen. Zehra startete mit sehr ordentlichen Partien in die Meisterschaft, die sie dann aber trotzdem verliert. Oft erspielt sie sich gute Stellungen, dann eine Unachtsamkeit und es ist vorbei. In der zweiten Partie ist es ein Grundlinienmatt in besserer Stellung, dass ihr zum Verh\u00e4ngnis wird. Mit 1,5 Punkte wird sie 5. bei den M\u00e4dchen. Bei den Jungs hatten wir ein Quartett am Start was gerade die DVM beendet hat. Lasse hatte direkt zu Beginn mit 1\/3 wieder so einen verkorksten Tag. Er begann eine starke Aufholjagt mit 3\/3 und in der letzten Runde musste er sich nur nach hartem Kampf David beugen. Platz 11 entsprach sicher nicht seinen Erwartungen, aber vielleicht reicht es ja doch noch f\u00fcr die n\u00e4chste Runde. David holte mit 5,5 Punkten Platz 2 und musste sich nur dem Sieger geschlagen geben. Nach etwas durchwachsenen Wochen ist er wieder im Aufwind. Christian hatte einen superstarken Start mit 3,5\/4. Wie ich beobachten konnten hatte er aus der DVM doch recht viel gelernt und seine Er\u00f6ffnungen verbessert. Gegen die Favoriten reichte es hinten raus nicht ganz und er landete mit 4 Punkten auf Rang 8, was ihm berechtigte Hoffnungen auf einen Freiplatz gibt. Jonathan war unser \u00dcberflieger bei den Meisterschaften. Eigentlich weit hinten gesetzt, spielte er ab Runde 3 immer an den vorderen Brettern und kam schlie\u00dflich auf einen unerwartet starken 5.Platz, der zur direkten Qualifikation berechtigt.<\/span><\/p>\n<p><span style=\"margin:0;line-height:115%;font-family:'Calibri', sans-serif;font-size:11pt;\"><span style=\"color:#000000;\">Die Meisterschaften waren wieder sehr gut organisiert und Stimmung unter Betreuung und Teilnehmern ebenfalls gut. Das Essen, in Cochem in den vergangenen Jahren eher sehr ordentlich, wurde als etwas einfallslos bem\u00e4ngelt. Schade auch, dass wohl einige Eltern (keine Lahnsteiner!) leider nicht wissen wie man sich als Kiebitz verhalten sollte. Diskussionen im Spielsaal sind tabu und einfl\u00fcstern von Z\u00fcgen ein schwerer Versto\u00df. Die Schachjugend belie\u00df es mit ermahnenden Worten.\u00a0<\/span><\/span><\/p>\n<p>Link zu den Ergebnissen:\u00a0<a href=\"https:\/\/www.schachjugend-rheinland.de\/?Turniere___Einzelmeisterschaften_2019\" target=\"_blank\" rel=\"noopener noreferrer\">https:\/\/www.schachjugend-rheinland.de\/?Turniere___Einzelmeisterschaften_2019<\/a><\/p>\n<div id='gallery-1' class='gallery galleryid-4070 gallery-columns-3 gallery-size-medium'><figure class='gallery-item'>\n\t\t\t<div class='gallery-icon landscape'>\n\t\t\t\t<a href='https:\/\/turm-lahnstein.de\/?attachment_id=4076'><img loading=\"lazy\" decoding=\"async\" width=\"300\" height=\"169\" src=\"https:\/\/turm-lahnstein.de\/wp-content\/uploads\/2019\/01\/rhl2019-1-300x169.jpg\" class=\"attachment-medium size-medium\" alt=\"\" srcset=\"https:\/\/turm-lahnstein.de\/wp-content\/uploads\/2019\/01\/rhl2019-1-300x169.jpg 300w, https:\/\/turm-lahnstein.de\/wp-content\/uploads\/2019\/01\/rhl2019-1-1024x576.jpg 1024w, https:\/\/turm-lahnstein.de\/wp-content\/uploads\/2019\/01\/rhl2019-1-768x432.jpg 768w, https:\/\/turm-lahnstein.de\/wp-content\/uploads\/2019\/01\/rhl2019-1-1536x864.jpg 1536w, https:\/\/turm-lahnstein.de\/wp-content\/uploads\/2019\/01\/rhl2019-1.jpg 1600w\" sizes=\"(max-width: 300px) 100vw, 300px\" \/><\/a>\n\t\t\t<\/div><\/figure><figure class='gallery-item'>\n\t\t\t<div class='gallery-icon landscape'>\n\t\t\t\t<a href='https:\/\/turm-lahnstein.de\/?attachment_id=4075'><img loading=\"lazy\" decoding=\"async\" width=\"300\" height=\"146\" src=\"https:\/\/turm-lahnstein.de\/wp-content\/uploads\/2019\/01\/rhl2019-2-300x146.jpg\" class=\"attachment-medium size-medium\" alt=\"\" srcset=\"https:\/\/turm-lahnstein.de\/wp-content\/uploads\/2019\/01\/rhl2019-2-300x146.jpg 300w, https:\/\/turm-lahnstein.de\/wp-content\/uploads\/2019\/01\/rhl2019-2-1024x497.jpg 1024w, https:\/\/turm-lahnstein.de\/wp-content\/uploads\/2019\/01\/rhl2019-2-768x373.jpg 768w, https:\/\/turm-lahnstein.de\/wp-content\/uploads\/2019\/01\/rhl2019-2-1536x746.jpg 1536w, https:\/\/turm-lahnstein.de\/wp-content\/uploads\/2019\/01\/rhl2019-2.jpg 1600w\" sizes=\"(max-width: 300px) 100vw, 300px\" \/><\/a>\n\t\t\t<\/div><\/figure><figure class='gallery-item'>\n\t\t\t<div class='gallery-icon landscape'>\n\t\t\t\t<a href='https:\/\/turm-lahnstein.de\/?attachment_id=4074'><img loading=\"lazy\" decoding=\"async\" width=\"300\" height=\"146\" src=\"https:\/\/turm-lahnstein.de\/wp-content\/uploads\/2019\/01\/rhl2019-3-300x146.jpg\" class=\"attachment-medium size-medium\" alt=\"\" srcset=\"https:\/\/turm-lahnstein.de\/wp-content\/uploads\/2019\/01\/rhl2019-3-300x146.jpg 300w, https:\/\/turm-lahnstein.de\/wp-content\/uploads\/2019\/01\/rhl2019-3-1024x497.jpg 1024w, https:\/\/turm-lahnstein.de\/wp-content\/uploads\/2019\/01\/rhl2019-3-768x373.jpg 768w, https:\/\/turm-lahnstein.de\/wp-content\/uploads\/2019\/01\/rhl2019-3-1536x746.jpg 1536w, https:\/\/turm-lahnstein.de\/wp-content\/uploads\/2019\/01\/rhl2019-3.jpg 1600w\" sizes=\"(max-width: 300px) 100vw, 300px\" \/><\/a>\n\t\t\t<\/div><\/figure><figure class='gallery-item'>\n\t\t\t<div class='gallery-icon portrait'>\n\t\t\t\t<a href='https:\/\/turm-lahnstein.de\/?attachment_id=4071'><img loading=\"lazy\" decoding=\"async\" width=\"146\" height=\"300\" src=\"https:\/\/turm-lahnstein.de\/wp-content\/uploads\/2019\/01\/rhl2019-6-146x300.jpg\" class=\"attachment-medium size-medium\" alt=\"\" srcset=\"https:\/\/turm-lahnstein.de\/wp-content\/uploads\/2019\/01\/rhl2019-6-146x300.jpg 146w, https:\/\/turm-lahnstein.de\/wp-content\/uploads\/2019\/01\/rhl2019-6-497x1024.jpg 497w, https:\/\/turm-lahnstein.de\/wp-content\/uploads\/2019\/01\/rhl2019-6-768x1581.jpg 768w, https:\/\/turm-lahnstein.de\/wp-content\/uploads\/2019\/01\/rhl2019-6-746x1536.jpg 746w, https:\/\/turm-lahnstein.de\/wp-content\/uploads\/2019\/01\/rhl2019-6.jpg 777w\" sizes=\"(max-width: 146px) 100vw, 146px\" \/><\/a>\n\t\t\t<\/div><\/figure><figure class='gallery-item'>\n\t\t\t<div class='gallery-icon portrait'>\n\t\t\t\t<a href='https:\/\/turm-lahnstein.de\/?attachment_id=4072'><img loading=\"lazy\" decoding=\"async\" width=\"146\" height=\"300\" src=\"https:\/\/turm-lahnstein.de\/wp-content\/uploads\/2019\/01\/rhl2019-5-146x300.jpg\" class=\"attachment-medium size-medium\" alt=\"\" srcset=\"https:\/\/turm-lahnstein.de\/wp-content\/uploads\/2019\/01\/rhl2019-5-146x300.jpg 146w, https:\/\/turm-lahnstein.de\/wp-content\/uploads\/2019\/01\/rhl2019-5-497x1024.jpg 497w, https:\/\/turm-lahnstein.de\/wp-content\/uploads\/2019\/01\/rhl2019-5-768x1581.jpg 768w, https:\/\/turm-lahnstein.de\/wp-content\/uploads\/2019\/01\/rhl2019-5-746x1536.jpg 746w, https:\/\/turm-lahnstein.de\/wp-content\/uploads\/2019\/01\/rhl2019-5.jpg 777w\" sizes=\"(max-width: 146px) 100vw, 146px\" \/><\/a>\n\t\t\t<\/div><\/figure><figure class='gallery-item'>\n\t\t\t<div class='gallery-icon landscape'>\n\t\t\t\t<a href='https:\/\/turm-lahnstein.de\/?attachment_id=4073'><img loading=\"lazy\" decoding=\"async\" width=\"300\" height=\"146\" src=\"https:\/\/turm-lahnstein.de\/wp-content\/uploads\/2019\/01\/rhl2019-4-300x146.jpg\" class=\"attachment-medium size-medium\" alt=\"\" srcset=\"https:\/\/turm-lahnstein.de\/wp-content\/uploads\/2019\/01\/rhl2019-4-300x146.jpg 300w, https:\/\/turm-lahnstein.de\/wp-content\/uploads\/2019\/01\/rhl2019-4-1024x497.jpg 1024w, https:\/\/turm-lahnstein.de\/wp-content\/uploads\/2019\/01\/rhl2019-4-768x373.jpg 768w, https:\/\/turm-lahnstein.de\/wp-content\/uploads\/2019\/01\/rhl2019-4-1536x746.jpg 1536w, https:\/\/turm-lahnstein.de\/wp-content\/uploads\/2019\/01\/rhl2019-4.jpg 1600w\" sizes=\"(max-width: 300px) 100vw, 300px\" \/><\/a>\n\t\t\t<\/div><\/figure>\n\t\t<\/div>\n\n","protected":false},"excerpt":{"rendered":"<p>So wie man h\u00f6rt werden die Jugendmeisterschaften voraussichtlich das letzte Mal zu Jahresbeginn ausgetragen.\u00a0 Der ver\u00e4nderte Ferienkalender unseres Bundeslandes erzwingt eine Verlegung\u00a0 in die Herbstferien. Wer hofft hier mitspielen zu [&hellip;]<\/p>\n","protected":false},"author":4,"featured_media":0,"comment_status":"closed","ping_status":"closed","sticky":false,"template":"","format":"standard","meta":{"footnotes":""},"categories":[1],"tags":[],"_links":{"self":[{"href":"https:\/\/turm-lahnstein.de\/index.php?rest_route=\/wp\/v2\/posts\/4070"}],"collection":[{"href":"https:\/\/turm-lahnstein.de\/index.php?rest_route=\/wp\/v2\/posts"}],"about":[{"href":"https:\/\/turm-lahnstein.de\/index.php?rest_route=\/wp\/v2\/types\/post"}],"author":[{"embeddable":true,"href":"https:\/\/turm-lahnstein.de\/index.php?rest_route=\/wp\/v2\/users\/4"}],"replies":[{"embeddable":true,"href":"https:\/\/turm-lahnstein.de\/index.php?rest_route=%2Fwp%2Fv2%2Fcomments&post=4070"}],"version-history":[{"count":0,"href":"https:\/\/turm-lahnstein.de\/index.php?rest_route=\/wp\/v2\/posts\/4070\/revisions"}],"wp:attachment":[{"href":"https:\/\/turm-lahnstein.de\/index.php?rest_route=%2Fwp%2Fv2%2Fmedia&parent=4070"}],"wp:term":[{"taxonomy":"category","embeddable":true,"href":"https:\/\/turm-lahnstein.de\/index.php?rest_route=%2Fwp%2Fv2%2Fcategories&post=4070"},{"taxonomy":"post_tag","embeddable":true,"href":"https:\/\/turm-lahnstein.de\/index.php?rest_route=%2Fwp%2Fv2%2Ftags&post=4070"}],"curies":[{"name":"wp","href":"https:\/\/api.w.org\/{rel}","templated":true}]}}