{"id":4048,"date":"2019-01-03T08:17:25","date_gmt":"2019-01-03T08:17:25","guid":{"rendered":"https:\/\/turmlahnstein.wordpress.com\/?p=4048"},"modified":"2019-01-03T08:17:25","modified_gmt":"2019-01-03T08:17:25","slug":"pressebericht-altersklasse-u-12-bei-deutscher-meisterschaft-in-magdeburg","status":"publish","type":"post","link":"https:\/\/turm-lahnstein.de\/?p=4048","title":{"rendered":"Pressebericht: Altersklasse U 12 bei Deutscher Meisterschaft in Magdeburg"},"content":{"rendered":"<p><img loading=\"lazy\" decoding=\"async\" class=\"alignright size-full wp-image-68\" src=\"https:\/\/turm-lahnstein.de\/wp-content\/uploads\/2012\/09\/friedhelm_col.jpg\" alt=\"\" width=\"254\" height=\"248\" \/>Zwischen Weihnachten und Silvester stand f\u00fcr die j\u00fcngsten Schachspielerinnen und Schachspieler die Deutsche Meisterschaft f\u00fcr Vereinsjugendmannschaften in Magdeburg an. Der Schachverein Turm Lahnstein freute sich, dieses Mal mit einer Mannschaft der Altersklasse U 12, d. h. Jahrg\u00e4nge 2006 und j\u00fcnger, dabei zu sein.<!--more--><\/p>\n<p>Wie scharf der Wind auf deutscher Ebene weht, wurde den Lahnsteinern schon in der ersten Runde gegen Empor Berlin deutlich. Die zum Favoritenkreis z\u00e4hlenden Hauptst\u00e4dter, die schlie\u00dflich den dritten Platz belegten, gaben gerade mal ein Remis ab und wiesen Lahnstein mit 3,5:0,5 in die Schranken. Bunt gemischt aus dem ganzen Bundesgebiet waren die Gegner der folgenden Runden, in denen die Mannschaft aus der einzigen Stadt an Rhein und Lahn dreimal siegreich blieb und auch dreimal den Gegnern gratulieren musste. In der Reihenfolge der einzelnen Runden ging es gegen SC Eilendorf\/NRW, Vorw\u00e4rts Aachen\/NRW, Muldental-Wilkau\/Sachsen, Brackel\/NRW, F\u00fcrth\/Bayern und Neuberg\/Hessen. F\u00fcr Lahnstein waren Joshua Lenz, David Meuer, Lasse Werling und Christian Samtleben im Einsatz. Von den jeweils sieben maximal m\u00f6glichen Punkten holten Joshua 3,0, David 3,5 und Lasse 4,5, womit alle ein sehr respektables Ergebnis erzielten. Nicht zufrieden wird Christian mit seinen 1,5 Punkten sein, der aber dank hoher Konzentration in der letzten Runde noch ein wichtiges Remis zum Mannschaftssieg beisteuern konnte.<\/p>\n<p>&nbsp;<\/p>\n<p>Deutscher Meister wurde der Hamburger SK. F\u00fcr Turm Lahnstein bleibt neben dem 15. Platz mit knapp negativen Punkteverh\u00e4ltnis die Erinnerung an ein Schachevent der Spitzenklasse \u2013 das Kunstst\u00fcck, sich \u00fcberhaupt f\u00fcr die Deutsche Meisterschaft zu qualifizieren, kann kaum ausreichend gew\u00fcrdigt werden. So viel Spa\u00df, wie die Teilnahme an einer Deutschen Meisterschaft macht, k\u00f6nnen aus Sicht der Lahnsteiner noch einige folgen.<\/p>\n<p>&nbsp;<\/p>\n","protected":false},"excerpt":{"rendered":"<p>Zwischen Weihnachten und Silvester stand f\u00fcr die j\u00fcngsten Schachspielerinnen und Schachspieler die Deutsche Meisterschaft f\u00fcr Vereinsjugendmannschaften in Magdeburg an. Der Schachverein Turm Lahnstein freute sich, dieses Mal mit einer Mannschaft [&hellip;]<\/p>\n","protected":false},"author":4,"featured_media":0,"comment_status":"closed","ping_status":"closed","sticky":false,"template":"","format":"standard","meta":{"footnotes":""},"categories":[1],"tags":[],"_links":{"self":[{"href":"https:\/\/turm-lahnstein.de\/index.php?rest_route=\/wp\/v2\/posts\/4048"}],"collection":[{"href":"https:\/\/turm-lahnstein.de\/index.php?rest_route=\/wp\/v2\/posts"}],"about":[{"href":"https:\/\/turm-lahnstein.de\/index.php?rest_route=\/wp\/v2\/types\/post"}],"author":[{"embeddable":true,"href":"https:\/\/turm-lahnstein.de\/index.php?rest_route=\/wp\/v2\/users\/4"}],"replies":[{"embeddable":true,"href":"https:\/\/turm-lahnstein.de\/index.php?rest_route=%2Fwp%2Fv2%2Fcomments&post=4048"}],"version-history":[{"count":0,"href":"https:\/\/turm-lahnstein.de\/index.php?rest_route=\/wp\/v2\/posts\/4048\/revisions"}],"wp:attachment":[{"href":"https:\/\/turm-lahnstein.de\/index.php?rest_route=%2Fwp%2Fv2%2Fmedia&parent=4048"}],"wp:term":[{"taxonomy":"category","embeddable":true,"href":"https:\/\/turm-lahnstein.de\/index.php?rest_route=%2Fwp%2Fv2%2Fcategories&post=4048"},{"taxonomy":"post_tag","embeddable":true,"href":"https:\/\/turm-lahnstein.de\/index.php?rest_route=%2Fwp%2Fv2%2Ftags&post=4048"}],"curies":[{"name":"wp","href":"https:\/\/api.w.org\/{rel}","templated":true}]}}