{"id":4021,"date":"2018-12-23T14:36:14","date_gmt":"2018-12-23T14:36:14","guid":{"rendered":"https:\/\/turmlahnstein.wordpress.com\/?p=4021"},"modified":"2018-12-23T14:36:14","modified_gmt":"2018-12-23T14:36:14","slug":"dvm-u12-in-magdeburg","status":"publish","type":"post","link":"https:\/\/turm-lahnstein.de\/?p=4021","title":{"rendered":"DVM U12 in Magdeburg"},"content":{"rendered":"<p><img loading=\"lazy\" decoding=\"async\" class=\"alignright size-full wp-image-4022\" src=\"https:\/\/turm-lahnstein.de\/wp-content\/uploads\/2018\/12\/Magdeburg.png\" alt=\"\" width=\"368\" height=\"207\" srcset=\"https:\/\/turm-lahnstein.de\/wp-content\/uploads\/2018\/12\/Magdeburg.png 368w, https:\/\/turm-lahnstein.de\/wp-content\/uploads\/2018\/12\/Magdeburg-300x169.png 300w\" sizes=\"(max-width: 368px) 100vw, 368px\" \/>(Bild Homepage der Stadt Magdeburg)F\u00fcr die meisten geht das Schachjahr mit Weihnachten und dem Jahreswechsel\u00a0 eher beschaulich zu Ende. Unsere U12er in der Besetzung Joshua, David, Lasse, Christian und Jonathan haben ihr Highlight aber noch vor sich. <!--more-->Durch unseren 3.Platz bei den Mitteldeutschen Meisterschaften haben wir die Qualifikation zu Deutschen Vereinsmeisterschaft U12 geschafft und freuen uns gegen die besten Mannschaften des Landes antreten zu d\u00fcrfen. In dem starken Feld sind wir in der zweiten H\u00e4lfte gesetzt und m\u00fcssen um jeden Punkt k\u00e4mpfen. Hoher Favorit ist nicht unerwartet der Hamburger SK vor zwei Berliner Mannschaften. Das Turnier findet im sch\u00f6nen Magdeburger Maritim Hotel statt. Ich werde jeden Tag berichten und hier findet ihr die Ergebnisse:\u00a0<a href=\"https:\/\/www.deutsche-schachjugend.de\/2018\/dvm-u12\/\" target=\"_blank\" rel=\"noopener noreferrer\">https:\/\/www.deutsche-schachjugend.de\/2018\/dvm-u12\/<\/a><\/p>\n","protected":false},"excerpt":{"rendered":"<p>(Bild Homepage der Stadt Magdeburg)F\u00fcr die meisten geht das Schachjahr mit Weihnachten und dem Jahreswechsel\u00a0 eher beschaulich zu Ende. Unsere U12er in der Besetzung Joshua, David, Lasse, Christian und Jonathan [&hellip;]<\/p>\n","protected":false},"author":4,"featured_media":0,"comment_status":"closed","ping_status":"closed","sticky":false,"template":"","format":"standard","meta":{"footnotes":""},"categories":[1],"tags":[],"_links":{"self":[{"href":"https:\/\/turm-lahnstein.de\/index.php?rest_route=\/wp\/v2\/posts\/4021"}],"collection":[{"href":"https:\/\/turm-lahnstein.de\/index.php?rest_route=\/wp\/v2\/posts"}],"about":[{"href":"https:\/\/turm-lahnstein.de\/index.php?rest_route=\/wp\/v2\/types\/post"}],"author":[{"embeddable":true,"href":"https:\/\/turm-lahnstein.de\/index.php?rest_route=\/wp\/v2\/users\/4"}],"replies":[{"embeddable":true,"href":"https:\/\/turm-lahnstein.de\/index.php?rest_route=%2Fwp%2Fv2%2Fcomments&post=4021"}],"version-history":[{"count":0,"href":"https:\/\/turm-lahnstein.de\/index.php?rest_route=\/wp\/v2\/posts\/4021\/revisions"}],"wp:attachment":[{"href":"https:\/\/turm-lahnstein.de\/index.php?rest_route=%2Fwp%2Fv2%2Fmedia&parent=4021"}],"wp:term":[{"taxonomy":"category","embeddable":true,"href":"https:\/\/turm-lahnstein.de\/index.php?rest_route=%2Fwp%2Fv2%2Fcategories&post=4021"},{"taxonomy":"post_tag","embeddable":true,"href":"https:\/\/turm-lahnstein.de\/index.php?rest_route=%2Fwp%2Fv2%2Ftags&post=4021"}],"curies":[{"name":"wp","href":"https:\/\/api.w.org\/{rel}","templated":true}]}}