{"id":401,"date":"2013-02-21T09:36:25","date_gmt":"2013-02-21T09:36:25","guid":{"rendered":"http:\/\/turmlahnstein.wordpress.com\/?p=401"},"modified":"2013-02-21T09:36:25","modified_gmt":"2013-02-21T09:36:25","slug":"spannende-mannschaftskampfe","status":"publish","type":"post","link":"https:\/\/turm-lahnstein.de\/?p=401","title":{"rendered":"Spannende Mannschaftsk\u00e4mpfe"},"content":{"rendered":"<p><img loading=\"lazy\" decoding=\"async\" class=\"alignright size-thumbnail wp-image-68\" alt=\"friedhelm_col\" src=\"https:\/\/turm-lahnstein.de\/wp-content\/uploads\/2012\/09\/friedhelm_col.jpg?w=150\" width=\"150\" height=\"146\" \/>Nach einer bitteren 3,5:4,5 Niederlage beim Post SV Neustadt\/Weinstra\u00dfe sind f\u00fcr die erste Mannschaft des Schachvereins Turm Lahnstein in der Rheinland-Pfalz-Liga offene Fragen zu beantworten.<!--more--><\/p>\n<p>Zwei Runden vor Schluss liegt Lahnstein auf dem achten und damit drittletzten Tabellenplatz jetzt punktgleich mit dem SV Neustadt, die allerdings noch ein Nachholspiel zu bestreiten haben. Auch ist es wegen der Situation in den dar\u00fcberliegenden Bundesligen noch ungewiss, ob zwei oder gar drei Mannschaften die oberste Spielklasse des Schachbundes Rheinland-Pfalz verlassen m\u00fcssen. Beim Spiel in der s\u00fcdlichen Pfalz \u00fcberzeugten an den ersten Brettern Egor Dranischnikow, Dennis Sanner und Achim Michels durch Siege sowie Julian Hastrich durch ein Remis. Die Bretter f\u00fcnf bis acht gingen leider leer aus. Zweifellos steckt aber in der Lahnsteiner Mannschaft gen\u00fcgend sportliches Potenzial, um in den verbleibenden zwei Runden die Spielklasse, in der die Trauben sehr hoch h\u00e4ngen, zu halten.<\/p>\n<p>Mit anderen Ambitionen tritt in der B-Klasse Rhein-Nahe die f\u00fcnfte Mannschaft des Vereins als reine Jugendmannschaft an, um Spielpraxis zu sammeln. Als Spielmodus wird in dieser Klasse angewandt, das die acht Vierer-Mannschaften zun\u00e4chst jede einmal gegen jede andere Mannschaft antritt und danach die obere Tabellenh\u00e4lfte die Pl\u00e4tze 1 bis 4 und die untere Tabellenh\u00e4lfte die weiteren Pl\u00e4tze ermittelt. Die extrem junge Mannschaft der Rhein-Lahn-St\u00e4dter hat sich nach dem ersten Turnierteil als Dritter in die obere Tabellenh\u00e4lfte gespielt , wo es zu Beginn der Endrunden jetzt eine 1 : 3 Niederlage gegen den SC Einrich III zu verkraften gab. Zum Einsatz kamen bisher Markus Nickel, Lars Wei\u00dfenfels, Niklas Herbel, Noel Bendel, Elsin Smakic, Martin Walzer, Marlon Wendelmuth und Marek Wei\u00dfenfels.<\/p>\n","protected":false},"excerpt":{"rendered":"<p>Nach einer bitteren 3,5:4,5 Niederlage beim Post SV Neustadt\/Weinstra\u00dfe sind f\u00fcr die erste Mannschaft des Schachvereins Turm Lahnstein in der Rheinland-Pfalz-Liga offene Fragen zu beantworten.<\/p>\n","protected":false},"author":2,"featured_media":0,"comment_status":"open","ping_status":"open","sticky":false,"template":"","format":"standard","meta":{"footnotes":""},"categories":[18,5,11],"tags":[47,111,102,74,118],"_links":{"self":[{"href":"https:\/\/turm-lahnstein.de\/index.php?rest_route=\/wp\/v2\/posts\/401"}],"collection":[{"href":"https:\/\/turm-lahnstein.de\/index.php?rest_route=\/wp\/v2\/posts"}],"about":[{"href":"https:\/\/turm-lahnstein.de\/index.php?rest_route=\/wp\/v2\/types\/post"}],"author":[{"embeddable":true,"href":"https:\/\/turm-lahnstein.de\/index.php?rest_route=\/wp\/v2\/users\/2"}],"replies":[{"embeddable":true,"href":"https:\/\/turm-lahnstein.de\/index.php?rest_route=%2Fwp%2Fv2%2Fcomments&post=401"}],"version-history":[{"count":0,"href":"https:\/\/turm-lahnstein.de\/index.php?rest_route=\/wp\/v2\/posts\/401\/revisions"}],"wp:attachment":[{"href":"https:\/\/turm-lahnstein.de\/index.php?rest_route=%2Fwp%2Fv2%2Fmedia&parent=401"}],"wp:term":[{"taxonomy":"category","embeddable":true,"href":"https:\/\/turm-lahnstein.de\/index.php?rest_route=%2Fwp%2Fv2%2Fcategories&post=401"},{"taxonomy":"post_tag","embeddable":true,"href":"https:\/\/turm-lahnstein.de\/index.php?rest_route=%2Fwp%2Fv2%2Ftags&post=401"}],"curies":[{"name":"wp","href":"https:\/\/api.w.org\/{rel}","templated":true}]}}