{"id":3997,"date":"2018-12-11T20:43:11","date_gmt":"2018-12-11T20:43:11","guid":{"rendered":"https:\/\/turmlahnstein.wordpress.com\/?p=3997"},"modified":"2018-12-11T20:43:11","modified_gmt":"2018-12-11T20:43:11","slug":"vereinspokal-2018","status":"publish","type":"post","link":"https:\/\/turm-lahnstein.de\/?p=3997","title":{"rendered":"Vereinspokal 2018"},"content":{"rendered":"<p><em><span style=\"color:#ff0000;\">Bericht von Turnierleiter Michael Sefeloge:<\/span><\/em><\/p>\n<p>Als erste Veranstaltung nach den Sommerferien wurde der Vereinspokal gestartet. Zw\u00f6lf Teilnehmer sind in Ordnung, dass Verh\u00e4ltnis von acht Erwachsenen und nur vier Jugendlichen jedoch nicht. P\u00fcnktlich um 20.00 Uhr wurde ausgelost, wobei \u201eGl\u00fccksfee\u201c Johanna dem Turnierleiter assistierte. Dabei zog sie folgende Paarungen:<!--more--><\/p>\n<p>&nbsp;<\/p>\n<ol>\n<li>Runde<\/li>\n<\/ol>\n<p>&nbsp;<\/p>\n<table>\n<tbody>\n<tr>\n<td width=\"205\"><strong>Frank Karzinowski<\/strong><\/td>\n<td width=\"205\">1:0<\/td>\n<td width=\"205\">Colin Klinkner<\/td>\n<\/tr>\n<tr>\n<td width=\"205\"><strong>Friedhelm Schneider<\/strong><\/td>\n<td width=\"205\">1:0<\/td>\n<td width=\"205\">Elmar Wiskirchen<\/td>\n<\/tr>\n<tr>\n<td width=\"205\"><strong>Peter Ley<\/strong><\/td>\n<td width=\"205\">1:0<\/td>\n<td width=\"205\">Dr. Axel M\u00fcller<\/td>\n<\/tr>\n<tr>\n<td width=\"205\">Kurt Sanner<\/td>\n<td width=\"205\">0:1<\/td>\n<td width=\"205\"><strong>Peter Schreieck<\/strong><\/td>\n<\/tr>\n<tr>\n<td width=\"205\"><strong>Werner Sonnhoff<\/strong><\/td>\n<td width=\"205\">1:0<\/td>\n<td width=\"205\">David Meuer<\/td>\n<\/tr>\n<tr>\n<td width=\"205\">Jonathan Lenz<\/td>\n<td width=\"205\">0:1<\/td>\n<td width=\"205\"><strong>Joshua Lenz<\/strong><\/td>\n<\/tr>\n<\/tbody>\n<\/table>\n<p>&nbsp;<\/p>\n<p>Die erste Runde zog sich \u00fcber einen Zeitraum von vier Wochen hin, konnte aber dennoch rechtzeitig beendet werden. Dabei zeigte es sich, dass die Favoriten sich mehr oder weniger sicher durchsetzen konnten.<\/p>\n<p>&nbsp;<\/p>\n<ol start=\"2\">\n<li>Runde<\/li>\n<\/ol>\n<p>&nbsp;<\/p>\n<table>\n<tbody>\n<tr>\n<td width=\"205\"><strong>Werner Sonnhoff<\/strong><\/td>\n<td width=\"205\">1:0<\/td>\n<td width=\"205\">Friedhelm Schneider<\/td>\n<\/tr>\n<tr>\n<td width=\"205\">Joshua Lenz<\/td>\n<td width=\"205\">-:+<\/td>\n<td width=\"205\"><strong>Peter Schreieck<\/strong><\/td>\n<\/tr>\n<tr>\n<td width=\"205\"><strong>Frank Karzinowski<\/strong><\/td>\n<td width=\"205\">1:0<\/td>\n<td width=\"205\">Peter Ley<\/td>\n<\/tr>\n<\/tbody>\n<\/table>\n<p>&nbsp;<\/p>\n<p>\u00dcberraschungen in dieser Runde. Werner Sonnhoff gewinnt gegen Titelverteidiger Friedhelm Schneider und Frank Karzinowski schl\u00e4gt Peter Ley. Peter Schreieck gewinnt kampflos, da Joshua Lenz wegen Urlaub und Teilnahme an der Koblenzer Stadtmeisterschaft keinen Termin mehr einhalten konnte.<\/p>\n<p>&nbsp;<\/p>\n<ol start=\"3\">\n<li>Runde<\/li>\n<\/ol>\n<p>&nbsp;<\/p>\n<table>\n<tbody>\n<tr>\n<td width=\"205\">Frank Karzinowski<\/td>\n<td width=\"205\">0:1<\/td>\n<td width=\"205\"><strong>Peter Schreieck<\/strong><\/td>\n<\/tr>\n<\/tbody>\n<\/table>\n<p>&nbsp;<\/p>\n<p>&nbsp;<\/p>\n<p>Freilos hat Werner Sonnhoff, der damit im Endspiel steht.<\/p>\n<p>&nbsp;<\/p>\n<p>Endspiel<\/p>\n<p>&nbsp;<\/p>\n<table>\n<tbody>\n<tr>\n<td width=\"205\">Peter Schreieck<\/td>\n<td width=\"205\">0:1<\/td>\n<td width=\"205\"><strong>Werner Sonnhoff<\/strong><\/td>\n<\/tr>\n<\/tbody>\n<\/table>\n<p>&nbsp;<\/p>\n<p>Herzlichen Gl\u00fcckwunsch an Werner Sonnhoff, der die Angriffsbem\u00fchungen von Peter Schreieck abblocken und danach einen Bauer auf die Reise schicken konnte, der das Spiel entschied.<\/p>\n","protected":false},"excerpt":{"rendered":"<p>Bericht von Turnierleiter Michael Sefeloge: Als erste Veranstaltung nach den Sommerferien wurde der Vereinspokal gestartet. Zw\u00f6lf Teilnehmer sind in Ordnung, dass Verh\u00e4ltnis von acht Erwachsenen und nur vier Jugendlichen jedoch [&hellip;]<\/p>\n","protected":false},"author":4,"featured_media":0,"comment_status":"closed","ping_status":"closed","sticky":false,"template":"","format":"standard","meta":{"footnotes":""},"categories":[1],"tags":[],"_links":{"self":[{"href":"https:\/\/turm-lahnstein.de\/index.php?rest_route=\/wp\/v2\/posts\/3997"}],"collection":[{"href":"https:\/\/turm-lahnstein.de\/index.php?rest_route=\/wp\/v2\/posts"}],"about":[{"href":"https:\/\/turm-lahnstein.de\/index.php?rest_route=\/wp\/v2\/types\/post"}],"author":[{"embeddable":true,"href":"https:\/\/turm-lahnstein.de\/index.php?rest_route=\/wp\/v2\/users\/4"}],"replies":[{"embeddable":true,"href":"https:\/\/turm-lahnstein.de\/index.php?rest_route=%2Fwp%2Fv2%2Fcomments&post=3997"}],"version-history":[{"count":0,"href":"https:\/\/turm-lahnstein.de\/index.php?rest_route=\/wp\/v2\/posts\/3997\/revisions"}],"wp:attachment":[{"href":"https:\/\/turm-lahnstein.de\/index.php?rest_route=%2Fwp%2Fv2%2Fmedia&parent=3997"}],"wp:term":[{"taxonomy":"category","embeddable":true,"href":"https:\/\/turm-lahnstein.de\/index.php?rest_route=%2Fwp%2Fv2%2Fcategories&post=3997"},{"taxonomy":"post_tag","embeddable":true,"href":"https:\/\/turm-lahnstein.de\/index.php?rest_route=%2Fwp%2Fv2%2Ftags&post=3997"}],"curies":[{"name":"wp","href":"https:\/\/api.w.org\/{rel}","templated":true}]}}