{"id":393,"date":"2013-02-20T08:51:58","date_gmt":"2013-02-20T08:51:58","guid":{"rendered":"http:\/\/turmlahnstein.wordpress.com\/?p=393"},"modified":"2013-02-20T08:51:58","modified_gmt":"2013-02-20T08:51:58","slug":"3-runde-der-vm","status":"publish","type":"post","link":"https:\/\/turm-lahnstein.de\/?p=393","title":{"rendered":"3. Runde der VM"},"content":{"rendered":"<p>Auch dritte Runde war duch viele spannende Partien gepr\u00e4gt, wobei die F\u00fchrenden sich gegenseitig neutralisierten und Gerhard, Alina und Peter dank ihren Siegen n\u00e4her rankamen. Die F\u00fchrung wird jedoch von punkgleichen Friedhelm und Ralf geteilt.<\/p>\n<p><!--more--><\/p>\n<p>Ergebnisse 3. Runde:<\/p>\n<p>Friedhelm Schneider\u00a0 0.5:0.5\u00a0 Ralf Teichgr\u00e4ber<br \/>\nMichael Sefeloge\u00a0 0.5:0.5\u00a0 Stephan B\u00fcchner<br \/>\nWerner Sonnhoff\u00a0 0.5:0.5\u00a0 Kurt Sanner<br \/>\nGerhard Reznik\u00a0 1:0\u00a0 Sabrina Ley<br \/>\nPeter Schreieck\u00a0 1:0\u00a0 Norbert Niechoj<br \/>\nElmar Wiskirchen\u00a0 0:1 Alina Usczeck<\/p>\n<p>Auslosung der 4. Runde ( 1. M\u00e4rz 2013 )<\/p>\n<p>Stephan B\u00fcchner &#8211; Friedhelm Schneider<br \/>\nRalf Teichgr\u00e4ber &#8211; Werner Sonnhoff<br \/>\nGerhard Reznik &#8211; Peter Schreieck<br \/>\nAlina Usczeck &#8211; Michael Sefeloge<br \/>\nKurt Sanner &#8211; Sabrina Ley<br \/>\nNorbert Niechoj &#8211; Elmar Wiskirchen<\/p>\n","protected":false},"excerpt":{"rendered":"<p>Auch dritte Runde war duch viele spannende Partien gepr\u00e4gt, wobei die F\u00fchrenden sich gegenseitig neutralisierten und Gerhard, Alina und Peter dank ihren Siegen n\u00e4her rankamen. Die F\u00fchrung wird jedoch von [&hellip;]<\/p>\n","protected":false},"author":2,"featured_media":0,"comment_status":"open","ping_status":"open","sticky":false,"template":"","format":"standard","meta":{"footnotes":""},"categories":[10],"tags":[71,33,59,113,75,105],"_links":{"self":[{"href":"https:\/\/turm-lahnstein.de\/index.php?rest_route=\/wp\/v2\/posts\/393"}],"collection":[{"href":"https:\/\/turm-lahnstein.de\/index.php?rest_route=\/wp\/v2\/posts"}],"about":[{"href":"https:\/\/turm-lahnstein.de\/index.php?rest_route=\/wp\/v2\/types\/post"}],"author":[{"embeddable":true,"href":"https:\/\/turm-lahnstein.de\/index.php?rest_route=\/wp\/v2\/users\/2"}],"replies":[{"embeddable":true,"href":"https:\/\/turm-lahnstein.de\/index.php?rest_route=%2Fwp%2Fv2%2Fcomments&post=393"}],"version-history":[{"count":0,"href":"https:\/\/turm-lahnstein.de\/index.php?rest_route=\/wp\/v2\/posts\/393\/revisions"}],"wp:attachment":[{"href":"https:\/\/turm-lahnstein.de\/index.php?rest_route=%2Fwp%2Fv2%2Fmedia&parent=393"}],"wp:term":[{"taxonomy":"category","embeddable":true,"href":"https:\/\/turm-lahnstein.de\/index.php?rest_route=%2Fwp%2Fv2%2Fcategories&post=393"},{"taxonomy":"post_tag","embeddable":true,"href":"https:\/\/turm-lahnstein.de\/index.php?rest_route=%2Fwp%2Fv2%2Ftags&post=393"}],"curies":[{"name":"wp","href":"https:\/\/api.w.org\/{rel}","templated":true}]}}