{"id":3912,"date":"2018-10-31T07:00:21","date_gmt":"2018-10-31T07:00:21","guid":{"rendered":"https:\/\/turmlahnstein.wordpress.com\/?p=3912"},"modified":"2018-10-31T07:00:21","modified_gmt":"2018-10-31T07:00:21","slug":"pressebericht-spannender-mannschaftsspielbetrieb","status":"publish","type":"post","link":"https:\/\/turm-lahnstein.de\/?p=3912","title":{"rendered":"Pressebericht: Spannender Mannschaftsspielbetrieb"},"content":{"rendered":"<p>Mit einem hart umk\u00e4mpften 3,5:3,5 Unentschieden gegen den SC Nast\u00e4tten I verteidigte die zweite Mannschaft des Schachvereins Turm Lahnstein die Tabellenf\u00fchrung in der Bezirksliga. Nach einem schnellen Gewinn durch Frank Karzinowski zeichnete sich an den \u00fcbrigen Brettern ein Kopf an Kopf-Rennen ab. <!--more-->Hans-Joachim Will holte f\u00fcr Lahnstein auch einen vollen Punkt. Remisen gab es durch Kurt Sanner, Michael Sefeloge und David Meuer. Auch aus den Partien von Peter Schreieck und Joshua Lenz durfte man zwischendurch mehr erwarten, als am Ende herauskam. Im dramatischen Finish mussten schlie\u00dflich beide Lahnsteiner die Segel streichen, so dass sich f\u00fcr den Mannschaftskampf ein 3,5:3,5 ergab.<\/p>\n<p>Am selben Abend unterlag die vierte Mannschaft in der B-Klasse mit 1 : 3 gegen den SC G\u00fcls III. Den Ehrenpunkt holte Jonathan Lenz. Neben Tomislav Vekic und Ismail Smakic kam erstmals in einer Erwachsenenmannschaft der 11j\u00e4hrige Peter Bida zum Einsatz.<\/p>\n","protected":false},"excerpt":{"rendered":"<p>Mit einem hart umk\u00e4mpften 3,5:3,5 Unentschieden gegen den SC Nast\u00e4tten I verteidigte die zweite Mannschaft des Schachvereins Turm Lahnstein die Tabellenf\u00fchrung in der Bezirksliga. Nach einem schnellen Gewinn durch Frank [&hellip;]<\/p>\n","protected":false},"author":4,"featured_media":0,"comment_status":"closed","ping_status":"closed","sticky":false,"template":"","format":"standard","meta":{"footnotes":""},"categories":[1],"tags":[],"_links":{"self":[{"href":"https:\/\/turm-lahnstein.de\/index.php?rest_route=\/wp\/v2\/posts\/3912"}],"collection":[{"href":"https:\/\/turm-lahnstein.de\/index.php?rest_route=\/wp\/v2\/posts"}],"about":[{"href":"https:\/\/turm-lahnstein.de\/index.php?rest_route=\/wp\/v2\/types\/post"}],"author":[{"embeddable":true,"href":"https:\/\/turm-lahnstein.de\/index.php?rest_route=\/wp\/v2\/users\/4"}],"replies":[{"embeddable":true,"href":"https:\/\/turm-lahnstein.de\/index.php?rest_route=%2Fwp%2Fv2%2Fcomments&post=3912"}],"version-history":[{"count":0,"href":"https:\/\/turm-lahnstein.de\/index.php?rest_route=\/wp\/v2\/posts\/3912\/revisions"}],"wp:attachment":[{"href":"https:\/\/turm-lahnstein.de\/index.php?rest_route=%2Fwp%2Fv2%2Fmedia&parent=3912"}],"wp:term":[{"taxonomy":"category","embeddable":true,"href":"https:\/\/turm-lahnstein.de\/index.php?rest_route=%2Fwp%2Fv2%2Fcategories&post=3912"},{"taxonomy":"post_tag","embeddable":true,"href":"https:\/\/turm-lahnstein.de\/index.php?rest_route=%2Fwp%2Fv2%2Ftags&post=3912"}],"curies":[{"name":"wp","href":"https:\/\/api.w.org\/{rel}","templated":true}]}}