{"id":390,"date":"2013-02-15T08:21:56","date_gmt":"2013-02-15T08:21:56","guid":{"rendered":"http:\/\/turmlahnstein.wordpress.com\/?p=390"},"modified":"2013-02-15T08:21:56","modified_gmt":"2013-02-15T08:21:56","slug":"positives-punktekonto-erkampft","status":"publish","type":"post","link":"https:\/\/turm-lahnstein.de\/?p=390","title":{"rendered":"Positives Punktekonto erk\u00e4mpft"},"content":{"rendered":"<p><img loading=\"lazy\" decoding=\"async\" class=\"alignright size-thumbnail wp-image-68\" alt=\"friedhelm_col\" src=\"https:\/\/turm-lahnstein.de\/wp-content\/uploads\/2012\/09\/friedhelm_col.jpg?w=150\" width=\"150\" height=\"146\" \/>Die zweite Mannschaft des Schachvereins Turm Lahnstein hat ihr Minimalziel Klassenerhalt schon zwei Runden vor Schluss sicher. <!--more-->In der Rheinland-Liga gewann sie mit 5 : 3 beim SC Neuwied-Heimbach-Weis III und liegt bei 8 : 6 Mannschaftspunkten punktgleich auf dem dritten<br \/>\nTabellenplatz. Obwohl die Punkteabst\u00e4nde zwischen den R\u00e4ngen drei und acht nur sehr gering sind, sind die Sorgen nach unten damit schon ausger\u00e4umt. F\u00fcr die Rhein-Lahn-St\u00e4dter gewannen J\u00f6rg<br \/>\nKap, Peter Ley und Mathieu Voss ihre Partien. Peter Schreieck, Florian Auras, Michael Sefeloge und Friedhelm Schneider erzielten je ein Remis. Lediglich Thomas Buch griff schon in einer fr\u00fchen<br \/>\nPartiephase fehl und mu\u00dfte sich geschlagen bekennen.<\/p>\n","protected":false},"excerpt":{"rendered":"<p>Die zweite Mannschaft des Schachvereins Turm Lahnstein hat ihr Minimalziel Klassenerhalt schon zwei Runden vor Schluss sicher.<\/p>\n","protected":false},"author":2,"featured_media":0,"comment_status":"open","ping_status":"open","sticky":false,"template":"","format":"standard","meta":{"footnotes":""},"categories":[11,26],"tags":[89,107,97,83],"_links":{"self":[{"href":"https:\/\/turm-lahnstein.de\/index.php?rest_route=\/wp\/v2\/posts\/390"}],"collection":[{"href":"https:\/\/turm-lahnstein.de\/index.php?rest_route=\/wp\/v2\/posts"}],"about":[{"href":"https:\/\/turm-lahnstein.de\/index.php?rest_route=\/wp\/v2\/types\/post"}],"author":[{"embeddable":true,"href":"https:\/\/turm-lahnstein.de\/index.php?rest_route=\/wp\/v2\/users\/2"}],"replies":[{"embeddable":true,"href":"https:\/\/turm-lahnstein.de\/index.php?rest_route=%2Fwp%2Fv2%2Fcomments&post=390"}],"version-history":[{"count":0,"href":"https:\/\/turm-lahnstein.de\/index.php?rest_route=\/wp\/v2\/posts\/390\/revisions"}],"wp:attachment":[{"href":"https:\/\/turm-lahnstein.de\/index.php?rest_route=%2Fwp%2Fv2%2Fmedia&parent=390"}],"wp:term":[{"taxonomy":"category","embeddable":true,"href":"https:\/\/turm-lahnstein.de\/index.php?rest_route=%2Fwp%2Fv2%2Fcategories&post=390"},{"taxonomy":"post_tag","embeddable":true,"href":"https:\/\/turm-lahnstein.de\/index.php?rest_route=%2Fwp%2Fv2%2Ftags&post=390"}],"curies":[{"name":"wp","href":"https:\/\/api.w.org\/{rel}","templated":true}]}}