{"id":3866,"date":"2018-10-08T06:43:12","date_gmt":"2018-10-08T06:43:12","guid":{"rendered":"https:\/\/turmlahnstein.wordpress.com\/?p=3866"},"modified":"2018-10-08T06:43:12","modified_gmt":"2018-10-08T06:43:12","slug":"u12-3-platz-bei-der-mitteldeutschen-meisterschaft","status":"publish","type":"post","link":"https:\/\/turm-lahnstein.de\/?p=3866","title":{"rendered":"U12: 3.Platz bei der Mitteldeutschen Meisterschaft !"},"content":{"rendered":"<p><span style=\"color:#000000;font-family:Calibri;\"><img loading=\"lazy\" decoding=\"async\" class=\"alignright size-large wp-image-3865\" src=\"https:\/\/turm-lahnstein.de\/wp-content\/uploads\/2018\/10\/img-20180930-wa0002.jpg?w=611\" alt=\"\" width=\"611\" height=\"458\" srcset=\"https:\/\/turm-lahnstein.de\/wp-content\/uploads\/2018\/10\/img-20180930-wa0002.jpg 1600w, https:\/\/turm-lahnstein.de\/wp-content\/uploads\/2018\/10\/img-20180930-wa0002-300x225.jpg 300w, https:\/\/turm-lahnstein.de\/wp-content\/uploads\/2018\/10\/img-20180930-wa0002-1024x768.jpg 1024w, https:\/\/turm-lahnstein.de\/wp-content\/uploads\/2018\/10\/img-20180930-wa0002-768x576.jpg 768w, https:\/\/turm-lahnstein.de\/wp-content\/uploads\/2018\/10\/img-20180930-wa0002-1536x1152.jpg 1536w\" sizes=\"(max-width: 611px) 100vw, 611px\" \/>Die Mitteldeutschen Meisterschaften werden von den Mannschaften des Saarlandes, Hessens, Th\u00fcringens und eben von uns Rheinland-Pf\u00e4lzern ausgespielt. Ein Turnier, da\u00df vor wenigen Jahren aus der Taufe gehoben wurde, weil die alte Qualifikation zur DVM (Deutsche Vereinsmeisterschaft) nicht sehr attraktiv war. Dieses Jahr stand das neue Konzept zun\u00e4chst in Frage und so gab es im Vorfeld reichlich Konfusion. F\u00fcr uns als zweiter der Rhl-Pfalzmeisterschaften war lange nicht sicher, ob wir eine Teilnahmeberechtigung bekommen w\u00fcrden. Letztendlich hat es funktioniert und wir freuten uns unter den 10 U12er-Teams zu sein, die in Saarbr\u00fccken gegeneinander antraten. <\/span><!--more--><\/p>\n<p><span style=\"color:#000000;font-family:Calibri;\">Am Freitag ab 15:00 Uhr war Anmeldung. Nachdem wir bei den Vereinstrikots noch nachr\u00fcsten mussten und danach durch Stau etwas l\u00e4nger brauchten beeilte ich mich nach der Ankunft so um 16:30 Uhr.\u00a0 In der Jugendherberge war aber niemand der unsere Anmeldung entgegen nehmen wollte. Eine halbe Stunde sp\u00e4ter war der Mitarbeiter der JHB so genervt, dass er dies \u00fcbernahm.\u00a0 Ich k\u00f6nnte hier weiter berichten, aber es blieb ein wenig chaotisch. Letztendlich bekam jeder ein Bett und ein Brett und ich denke auch meist so wie im Vorfeld abgesprochen. <\/span><\/p>\n<p><span style=\"color:#000000;font-family:Calibri;\">Als wir auf die Teilnehmer schauten waren wir \u00fcberrascht als zweiter der Setzliste zu stehen, klar vorne Offenbach. Mannschaften wie Weimar oder Erfurt, die wir vor uns sahen hatten ihre besten Spieler entweder nicht am Start oder in anderen Altersgruppen eingesetzt. Die vermeintliche Topmannschaft der SG Trier hatte gar nicht gemeldet. Einerseits schade, weil wir doch immer gerne gegen die Besten antreten, andererseits erh\u00f6hte es nat\u00fcrlich unsere Chance auf einen Platz unter den ersten 3, der zur Teilnahme an der DVM in Magdeburg berechtigt. In der ersten Runde spielten wir gegen unsere Rheinland-Pf\u00e4lzischen Nachbarn aus Birkenfeld. David verwandelte sicher zum ersten Punkt, Christian nach etwas spannenderem Verlauf zu 2-0. Joshua spielte von Beginn an fahrig und auch Lasse hatte mit der Wohl einstudierten Pirc-Verteidigung der Gegner Probleme. Sabrina hatte im Vorfeld eine Taktik gegen das K\u00f6nigsfianchetto ausgegeben und beide versuchten dies auch umzusetzen, hatten in der Praxis jedoch ein paar Probleme. Joshua hatte irgendwann eine Figur gegen 2 Bauern weniger und Lasse das zun\u00e4chst leicht schlechtere Turmendspiel. Joshua h\u00e4ngte sich rein und konnte die Partie drehen, 3-0 und ich war schon mal beruhigt. Lasse spielte zu aktiv und der Gegner gewann einen wichtigen Bauern. Statt mit dem gedeckten Freibauern zu arbeiten um andere Drohungen zu schaffen lie\u00df dieser den einfach laufen, bis er weg war und in der Folge verlor der ganz den Faden w\u00e4hrend Lasse abr\u00e4umte, 4-0. In der zweiten Runde spielten wir gegen Gera, in deren Reihen der Deutsche Vizemeister Nikita Schubert h\u00e4tte spielen k\u00f6nnen, der aber in der U14 antrat. Schnell f\u00fchrten wir 1-0 durch Christian, der die Er\u00f6ffnung allerdings grob misshandelte und einen Bauern weniger bei schlechter Stellung hatte, als der Gegner ins Selbstmatt zog. Joshua gewann sicher, w\u00e4hrend David l\u00e4nger zu k\u00e4mpfen hatte, letztlich aber doch sicher gewann, als er den freiliegenden K\u00f6nig unter Opfereinsatz zur Strecke brachte. Lasses Endspiel war dieses Mal noch schlechter, hatte er doch eine ganze Figur weniger ohne Gegenspiel. Aber auch das gewann er noch! Waren wir bei so viel Gl\u00fcck noch zu stoppen? Leider ja wie Runde 3 zeigen sollte. Joshua hatte nach ~20 Z\u00fcgen einfach eine Mehrfigur und schaffte es praktisch 2 T\u00fcrme in einem Zug einzustellen, 0-1. <\/span><\/p>\n<p><span style=\"color:#000000;font-family:Calibri;\">Ein Drama spielte sich in Christians und Davids Partie ab. Christian gewann fr\u00fch Qualit\u00e4t und Bauer. Als sein eigener Turm bedroht war \u00fcberlegte er zwar lange, aber irgendwie ging die Hand dann doch zur Dame, anstatt den Turm wegzustellen. Er h\u00e4tte jetzt einfach den Turm mit der Dame decken k\u00f6nnen und immer noch leichten Vorteil behalten. In seiner Verwirrung schlug er den angreifenden L\u00e4ufer mit der Dame und der Gegner dann seine holde Weiblichkeit, 1-2. David musste es richten und es sah lange gut aus. Der Geraer Spieler versuchte es mit wilden Opfern, aber David behielt die Qualit\u00e4t. Jetzt nur noch Dg7 und den K\u00f6nig sicher nach h8 bringen und dann das Mehrmaterial verwerten. Es kam aber De7? mit 2z\u00fcgigem Matt. Im Fu\u00dfball h\u00e4tte ich das Gef\u00fchl gehabt wir h\u00e4tten 1-0 verloren und dabei 3 Elfer verschossen. Es kam was bef\u00fcrchtet wurde, wir bekamen in der\u00a0vierten Runde den hohen Favoriten Offenbach zugelost und ein Punkt war Pflicht, wollten wir aus eigener Kraft unter die ersten 3 kommen wollen. Vor der Begegnung bin ich mit unseren ersten Brettern, die Er\u00f6ffnung lange durchgegangen, weil deren Gegner doch einiges in der Chessbase hatten. Bei Joshua kamen die ersten Z\u00fcge wie gew\u00fcnscht aufs Brett. Als er nach einer knappen Stunde aufgab, war ich aber doch entt\u00e4uscht, dass er hier nicht mehr investiert hatte. Eine Niederlage gegen den sehr starken Dominik Laux war sicher nicht schlimm, aber das ging mir zu schnell. Hoffnung kam auf, als Christian seinen Gegner sicher \u00fcberspielte und das Match offen hielt. Lasse spielte die Er\u00f6ffnung richtig toll, in der entstandenen sehr komplizierten Stellung sollte aber auch er deutlich l\u00e4nger \u00fcberlegen. So spendierte er ohne Not dem Offenbacher einen Monsterspringer auf e5, der dann irgendwann eine Figur gewann. Lasse hatte in der Folge immer noch Angriff, aber er machte einmal den zweiten vor dem ersten Zug und zu viel Material wanderte \u00fcber den Tisch. Es kam wieder auf David an. Der kam gut aus der Er\u00f6ffnung und der gegnerische K\u00f6nig in der Mitte sollte ihm Angriffschancen geben. Damenabtausch sollte da vermieden werden, genau so kam es aber leider. Er m\u00fchte sich und obwohl er lange k\u00e4mpfte h\u00e4tte er noch weiterspielen m\u00fcssen. Das entstandene Turmendspiel war sicher\u00a0noch im v\u00f6lligen Ausgleich und schwer hier etwas raus zu holen, mit dem Remis war das Match jedoch verloren. In der letzten Runden bekamen wir Lasker Kirkel, die im Schnitt \u00fcber 500 Wertungspunkte hinter uns lagen. Nach einer knappen Stunde waren wir mit 4-0 durch und mussten nun hoffen. F\u00fcr mich war die Verwirrung gro\u00df, weil als Zweitwertung Sonneborn Berger ausgeschrieben war, jedoch Olympia Sonneborn Berger gemeint war, eine Wertung bei der die St\u00e4rke der Gegner und die Brettpunkte kombiniert werden. Die gibt es auch noch nicht so lange, gilt aber als besonders gerecht. Daher war unsere \u00dcberraschung gro\u00df als wir dann doch Bronze bekamen. \u00a0Als Dritter haben wir uns f\u00fcr die DVM in Magdeburg qualifiziert, die am 2.Weihnachtstag startet. Der bis dahin gr\u00f6\u00dfte Erfolg unserer jungen Mannschaft mit Joshua Lenz, David Meuer, Lasse Werling und Christian Samtleben.<\/span><\/p>\n<div id='gallery-1' class='gallery galleryid-3866 gallery-columns-3 gallery-size-medium'><figure class='gallery-item'>\n\t\t\t<div class='gallery-icon landscape'>\n\t\t\t\t<a href='https:\/\/turm-lahnstein.de\/?attachment_id=3868'><img loading=\"lazy\" decoding=\"async\" width=\"300\" height=\"225\" src=\"https:\/\/turm-lahnstein.de\/wp-content\/uploads\/2018\/10\/img-20180930-wa0004-300x225.jpg\" class=\"attachment-medium size-medium\" alt=\"\" srcset=\"https:\/\/turm-lahnstein.de\/wp-content\/uploads\/2018\/10\/img-20180930-wa0004-300x225.jpg 300w, https:\/\/turm-lahnstein.de\/wp-content\/uploads\/2018\/10\/img-20180930-wa0004-1024x768.jpg 1024w, https:\/\/turm-lahnstein.de\/wp-content\/uploads\/2018\/10\/img-20180930-wa0004-768x576.jpg 768w, https:\/\/turm-lahnstein.de\/wp-content\/uploads\/2018\/10\/img-20180930-wa0004-1536x1152.jpg 1536w, https:\/\/turm-lahnstein.de\/wp-content\/uploads\/2018\/10\/img-20180930-wa0004.jpg 1600w\" sizes=\"(max-width: 300px) 100vw, 300px\" \/><\/a>\n\t\t\t<\/div><\/figure><figure class='gallery-item'>\n\t\t\t<div class='gallery-icon portrait'>\n\t\t\t\t<a href='https:\/\/turm-lahnstein.de\/?attachment_id=3869'><img loading=\"lazy\" decoding=\"async\" width=\"225\" height=\"300\" src=\"https:\/\/turm-lahnstein.de\/wp-content\/uploads\/2018\/10\/img-20180930-wa0003-225x300.jpg\" class=\"attachment-medium size-medium\" alt=\"\" srcset=\"https:\/\/turm-lahnstein.de\/wp-content\/uploads\/2018\/10\/img-20180930-wa0003-225x300.jpg 225w, https:\/\/turm-lahnstein.de\/wp-content\/uploads\/2018\/10\/img-20180930-wa0003-768x1024.jpg 768w, https:\/\/turm-lahnstein.de\/wp-content\/uploads\/2018\/10\/img-20180930-wa0003-1152x1536.jpg 1152w, https:\/\/turm-lahnstein.de\/wp-content\/uploads\/2018\/10\/img-20180930-wa0003.jpg 1200w\" sizes=\"(max-width: 225px) 100vw, 225px\" \/><\/a>\n\t\t\t<\/div><\/figure><figure class='gallery-item'>\n\t\t\t<div class='gallery-icon landscape'>\n\t\t\t\t<a href='https:\/\/turm-lahnstein.de\/?attachment_id=3870'><img loading=\"lazy\" decoding=\"async\" width=\"300\" height=\"225\" src=\"https:\/\/turm-lahnstein.de\/wp-content\/uploads\/2018\/10\/img-20180930-wa00021-300x225.jpg\" class=\"attachment-medium size-medium\" alt=\"\" srcset=\"https:\/\/turm-lahnstein.de\/wp-content\/uploads\/2018\/10\/img-20180930-wa00021-300x225.jpg 300w, https:\/\/turm-lahnstein.de\/wp-content\/uploads\/2018\/10\/img-20180930-wa00021-1024x768.jpg 1024w, https:\/\/turm-lahnstein.de\/wp-content\/uploads\/2018\/10\/img-20180930-wa00021-768x576.jpg 768w, https:\/\/turm-lahnstein.de\/wp-content\/uploads\/2018\/10\/img-20180930-wa00021-1536x1152.jpg 1536w, https:\/\/turm-lahnstein.de\/wp-content\/uploads\/2018\/10\/img-20180930-wa00021.jpg 1600w\" sizes=\"(max-width: 300px) 100vw, 300px\" \/><\/a>\n\t\t\t<\/div><\/figure>\n\t\t<\/div>\n\n","protected":false},"excerpt":{"rendered":"<p>Die Mitteldeutschen Meisterschaften werden von den Mannschaften des Saarlandes, Hessens, Th\u00fcringens und eben von uns Rheinland-Pf\u00e4lzern ausgespielt. Ein Turnier, da\u00df vor wenigen Jahren aus der Taufe gehoben wurde, weil die [&hellip;]<\/p>\n","protected":false},"author":4,"featured_media":0,"comment_status":"closed","ping_status":"closed","sticky":false,"template":"","format":"standard","meta":{"footnotes":""},"categories":[1],"tags":[],"_links":{"self":[{"href":"https:\/\/turm-lahnstein.de\/index.php?rest_route=\/wp\/v2\/posts\/3866"}],"collection":[{"href":"https:\/\/turm-lahnstein.de\/index.php?rest_route=\/wp\/v2\/posts"}],"about":[{"href":"https:\/\/turm-lahnstein.de\/index.php?rest_route=\/wp\/v2\/types\/post"}],"author":[{"embeddable":true,"href":"https:\/\/turm-lahnstein.de\/index.php?rest_route=\/wp\/v2\/users\/4"}],"replies":[{"embeddable":true,"href":"https:\/\/turm-lahnstein.de\/index.php?rest_route=%2Fwp%2Fv2%2Fcomments&post=3866"}],"version-history":[{"count":0,"href":"https:\/\/turm-lahnstein.de\/index.php?rest_route=\/wp\/v2\/posts\/3866\/revisions"}],"wp:attachment":[{"href":"https:\/\/turm-lahnstein.de\/index.php?rest_route=%2Fwp%2Fv2%2Fmedia&parent=3866"}],"wp:term":[{"taxonomy":"category","embeddable":true,"href":"https:\/\/turm-lahnstein.de\/index.php?rest_route=%2Fwp%2Fv2%2Fcategories&post=3866"},{"taxonomy":"post_tag","embeddable":true,"href":"https:\/\/turm-lahnstein.de\/index.php?rest_route=%2Fwp%2Fv2%2Ftags&post=3866"}],"curies":[{"name":"wp","href":"https:\/\/api.w.org\/{rel}","templated":true}]}}