{"id":3860,"date":"2018-09-26T20:04:27","date_gmt":"2018-09-26T20:04:27","guid":{"rendered":"https:\/\/turmlahnstein.wordpress.com\/?p=3860"},"modified":"2018-09-26T20:04:27","modified_gmt":"2018-09-26T20:04:27","slug":"pressebericht-arbeitssieg-in-der-rheinland-pfalz-liga","status":"publish","type":"post","link":"https:\/\/turm-lahnstein.de\/?p=3860","title":{"rendered":"Pressebericht: Arbeitssieg in der Rheinland-Pfalz-Liga"},"content":{"rendered":"<p><img loading=\"lazy\" decoding=\"async\" class=\"alignright size-full wp-image-68\" src=\"https:\/\/turm-lahnstein.de\/wp-content\/uploads\/2012\/09\/friedhelm_col.jpg\" alt=\"\" width=\"254\" height=\"248\" \/>Mit einem hart erk\u00e4mpften 4,5:3,5 Sieg kehrte die erste Mannschaft des Schachvereins Turm Lahnstein von der ersten Runde der 2. Rheinland-Pfalz-Liga aus Nickenich zur\u00fcck. <!--more-->F\u00fcr den knappen, aber verdienten Erfolg zeigten sich die Lahnsteiner Spielerinnen und Spieler an den vorderen Brettern als Punktegaranten. Auch wenn der Vorteil in einigen Partien hin und her wogte, konnte doch zu jedem Zeitpunkt des Mannschaftskampfes ein positives Ende f\u00fcr die Rhein-Lahn-St\u00e4dter erhofft werden. Interessanterweise gewannen Dennis Sanner, Julian Hastrich, Bujar Murati und Sabrina Ley an den Brettern eins bis vier, das Spiel an Brett f\u00fcnf von Stephan B\u00fcchner ging Remis aus und an den Brettern sechs bis acht mussten sich f\u00fcr Lahnstein Friedhelm Schneider, Ralf Teichgr\u00e4ber und Werner Sonnhoff geschlagen bekennen.<\/p>\n<p>&nbsp;<\/p>\n<p>Das Spieljahr geht am 14. Oktober mit dem ersten Heimspiel der Mannschaft gegen die SG Remagen\/Sinzig weiter.<\/p>\n","protected":false},"excerpt":{"rendered":"<p>Mit einem hart erk\u00e4mpften 4,5:3,5 Sieg kehrte die erste Mannschaft des Schachvereins Turm Lahnstein von der ersten Runde der 2. Rheinland-Pfalz-Liga aus Nickenich zur\u00fcck.<\/p>\n","protected":false},"author":4,"featured_media":0,"comment_status":"closed","ping_status":"closed","sticky":false,"template":"","format":"standard","meta":{"footnotes":""},"categories":[1],"tags":[],"_links":{"self":[{"href":"https:\/\/turm-lahnstein.de\/index.php?rest_route=\/wp\/v2\/posts\/3860"}],"collection":[{"href":"https:\/\/turm-lahnstein.de\/index.php?rest_route=\/wp\/v2\/posts"}],"about":[{"href":"https:\/\/turm-lahnstein.de\/index.php?rest_route=\/wp\/v2\/types\/post"}],"author":[{"embeddable":true,"href":"https:\/\/turm-lahnstein.de\/index.php?rest_route=\/wp\/v2\/users\/4"}],"replies":[{"embeddable":true,"href":"https:\/\/turm-lahnstein.de\/index.php?rest_route=%2Fwp%2Fv2%2Fcomments&post=3860"}],"version-history":[{"count":0,"href":"https:\/\/turm-lahnstein.de\/index.php?rest_route=\/wp\/v2\/posts\/3860\/revisions"}],"wp:attachment":[{"href":"https:\/\/turm-lahnstein.de\/index.php?rest_route=%2Fwp%2Fv2%2Fmedia&parent=3860"}],"wp:term":[{"taxonomy":"category","embeddable":true,"href":"https:\/\/turm-lahnstein.de\/index.php?rest_route=%2Fwp%2Fv2%2Fcategories&post=3860"},{"taxonomy":"post_tag","embeddable":true,"href":"https:\/\/turm-lahnstein.de\/index.php?rest_route=%2Fwp%2Fv2%2Ftags&post=3860"}],"curies":[{"name":"wp","href":"https:\/\/api.w.org\/{rel}","templated":true}]}}