{"id":3858,"date":"2018-09-25T12:08:30","date_gmt":"2018-09-25T12:08:30","guid":{"rendered":"https:\/\/turmlahnstein.wordpress.com\/?p=3858"},"modified":"2018-09-25T12:08:30","modified_gmt":"2018-09-25T12:08:30","slug":"1-mannschaft-1-runde","status":"publish","type":"post","link":"https:\/\/turm-lahnstein.de\/?p=3858","title":{"rendered":"1.Mannschaft 1.Runde"},"content":{"rendered":"<p><em>Bericht von Sabrina Ley<\/em><\/p>\n<p>Nach der Sommer Pause startete die erste Mannschaft des Turm Lahnstein gut erholt in die neue Saison der 2. Rheinland- Pfalz Liga. Das erste Spiel fand letztes Wochenende gegen die Schachfreunde Nickenich statt. Das Wetter war zwar \u00e4u\u00dferst st\u00fcrmich und regnerisch, aber das war\u00a0 unseren tapferen Schachspielern ,Gott sei Dank, doch recht egal .<\/p>\n<p><!--more--> Durch die hochtechnologische Ausstattung der Schachfreunde konnte man auf dem Fernsehbildschirm alle Bretter auf einmal beobachten und war demnach immer top informiert \u00fcber die aktuelle Situation. Dennis an Brett 1 stand von Anfang an leicht angenehmer und fuhr dann schlussendlich seine Partie schnell, als der st\u00e4rkere Spieler Heim. Bei Julian sah das ganze zwischenzeitlich etwas komplizierter aus, sein Gegner suchte seine Kompensation auf der A-Linie, was gar nicht mal so unwirksam war. Doch auch hier setzte sich in der Zeitnotphase dann der st\u00e4rkere Spieler durch und es stand 2-0 f\u00fcr uns! Das n\u00e4chste Ergebnis kam dann von Brett 5,wo Stefan eine solide Partie spielte, in der keiner dem Anderen so wirklich weh getan\u00a0 hat und es schlie\u00dflich auf ein sicheres Remis hinauslief. Leider verlor kurz danach Ralf seine spannenden Partie, in der sich mal wieder gezeigt hat, wie stark das L\u00e4uferpaar ist. Bujar an Brett 3 dr\u00fcckte mit Wei\u00df gezielt gegen einen r\u00fcckst\u00e4ndigen Bauern seines Gegners und gewann nicht nur diesen sondern auch letztendlich das Turmendspiel. Eine der spannensten Partien lieferte Friedhelm an diesem Sonntag, die f\u00fcr Au\u00dfenstehende wohl schwer zu verstehen war. Da hing mal ein Turm, doch dann hat die Dame am Ende kein Feld mehr und leider zog in einer so taktisch komplizierten Partie am Ende Friedhelm den k\u00fcrzeren.\u00a0 3,5 zu 2,5 f\u00fcr uns. Noch sah es gut aus, doch leider nicht wenn man die laufenden Partien sah. Bei mir war schon eine ganze Weile Hopfen und Malz verloren und Werner hatte im Endspiel einen Bauern weniger, wobei er sich vorher aus einer f\u00fcr ihn eher schlecht gelaufenen Er\u00f6ffnung wieder rausgek\u00e4mpft hatte. Doch dann stellte mein Gegner im 39. Zug unter gro\u00dfem Zeitdruck die Partie ein und ich gewann noch. Werner konnte sein Endspiel zwar nicht mehr halten doch am Ende gewannen wir 4,5 zu 3,5 und haben den Start in die Saison gut \u00fcberstanden.<\/p>\n","protected":false},"excerpt":{"rendered":"<p>Bericht von Sabrina Ley Nach der Sommer Pause startete die erste Mannschaft des Turm Lahnstein gut erholt in die neue Saison der 2. Rheinland- Pfalz Liga. Das erste Spiel fand [&hellip;]<\/p>\n","protected":false},"author":4,"featured_media":0,"comment_status":"closed","ping_status":"closed","sticky":false,"template":"","format":"standard","meta":{"footnotes":""},"categories":[1],"tags":[],"_links":{"self":[{"href":"https:\/\/turm-lahnstein.de\/index.php?rest_route=\/wp\/v2\/posts\/3858"}],"collection":[{"href":"https:\/\/turm-lahnstein.de\/index.php?rest_route=\/wp\/v2\/posts"}],"about":[{"href":"https:\/\/turm-lahnstein.de\/index.php?rest_route=\/wp\/v2\/types\/post"}],"author":[{"embeddable":true,"href":"https:\/\/turm-lahnstein.de\/index.php?rest_route=\/wp\/v2\/users\/4"}],"replies":[{"embeddable":true,"href":"https:\/\/turm-lahnstein.de\/index.php?rest_route=%2Fwp%2Fv2%2Fcomments&post=3858"}],"version-history":[{"count":0,"href":"https:\/\/turm-lahnstein.de\/index.php?rest_route=\/wp\/v2\/posts\/3858\/revisions"}],"wp:attachment":[{"href":"https:\/\/turm-lahnstein.de\/index.php?rest_route=%2Fwp%2Fv2%2Fmedia&parent=3858"}],"wp:term":[{"taxonomy":"category","embeddable":true,"href":"https:\/\/turm-lahnstein.de\/index.php?rest_route=%2Fwp%2Fv2%2Fcategories&post=3858"},{"taxonomy":"post_tag","embeddable":true,"href":"https:\/\/turm-lahnstein.de\/index.php?rest_route=%2Fwp%2Fv2%2Ftags&post=3858"}],"curies":[{"name":"wp","href":"https:\/\/api.w.org\/{rel}","templated":true}]}}