{"id":3852,"date":"2018-09-24T10:01:10","date_gmt":"2018-09-24T10:01:10","guid":{"rendered":"https:\/\/turmlahnstein.wordpress.com\/?p=3852"},"modified":"2018-09-24T10:01:10","modified_gmt":"2018-09-24T10:01:10","slug":"ksm-2-runde-3","status":"publish","type":"post","link":"https:\/\/turm-lahnstein.de\/?p=3852","title":{"rendered":"KSM 2.Runde"},"content":{"rendered":"<p>Insgesamt keine besonders erfolgreiche Runde f\u00fcr die 7 Lahnsteiner, die zusammen 2,5 Punkte erspielten. Immerhin gewannen Ralf Teichgr\u00e4ber im\u00a0vereinsinternen Duell gegen Michael Sefeloge und Joshua Lenz.<!--more--><\/p>\n<p>Nach einem\u00a0spannenden Abtausch hatte Ralf 2 T\u00fcrme gegen die Dame und war sichtlich am Dr\u00fccker, aber\u00a0die Stellung unseres Seniors war stabil und wahrscheinlich haltbar. Erst als dieser selbst seine feste Bauernstruktur lockerte gelang es Ralf einzudringen und in ein gewonnenes Bauernendspiel abzuwickeln. Joshua konnte schon fr\u00fch einen Turm und Bauern gewinnen. Es war klar, dass der gefesselte Turm nicht zu halten war, aber\u00a0wieviel w\u00fcrde er daf\u00fcr bekommen??&#8230;. nichts und sogar der Mehrbauer h\u00e4tte verloren gehen k\u00f6nnen. Da\u00a0ist sicher etwas schief gelaufen. Joshua konnte sich in der\u00a0Folge aber wieder konzentrieren und seine Stellung verbessern. Sein Gegner versuchte es mit der Brechstange und opferte eine Figur gegen Spiel und zwei Bauern. Joshua spielte\u00a0 korrekt und die Intiative verpuffte.\u00a0David war favorisiert, tat sich aber mit Schwarz lange schwer etwas aus der vereinfachten Stellung rauszuholen. Als er einen K\u00f6nigsangriff einleitete stellte er seine Dame so ungl\u00fccklich, dass er Gegner eine Schaukel bekam, Remis. Sabrina geriet in der Er\u00f6ffnung durcheinander und nachdem der fianchierte K\u00f6nigsl\u00e4ufer getauscht werden musste, hatte sie nicht reparable Schw\u00e4chen auf den schwarzen Feldern. Der nicht zu vermeidbare wei\u00dfe Angriff entschied die Partie. Werner musste mit Schwarz dem Koblenzer Thieme-Garmann das starke L\u00e4uferpaar \u00fcberlassen. Dabei verstand ich seine recht passive Verteidigung nicht. Nachdem er die Qualit\u00e4t gab und daf\u00fcr noch einen Bauern hatte, wurde es offen, aber die besseren M\u00f6glichkeiten lagen beim Gegner, der diese auch nutzte. Sehr ungl\u00fccklich spielte Lasse. Nach einer sch\u00f6nen Kombination hatte er einen Mehrbauern und die Chance seine passive Dame zum Tausch anzubieten. Stattdessen kam h5 als Schwarzer, was seine sichere K\u00f6nigsstellung aufl\u00f6ste und deutliche Schw\u00e4chen provozierte. Im n\u00e4chsten Zug stellte er dann seinen Turm auf ein Feld, auf dem er einfach weggeschlagen wurde, puh&#8230;&#8230;<\/p>\n<p>&nbsp;<\/p>\n<p>&nbsp;<\/p>\n","protected":false},"excerpt":{"rendered":"<p>Insgesamt keine besonders erfolgreiche Runde f\u00fcr die 7 Lahnsteiner, die zusammen 2,5 Punkte erspielten. Immerhin gewannen Ralf Teichgr\u00e4ber im\u00a0vereinsinternen Duell gegen Michael Sefeloge und Joshua Lenz.<\/p>\n","protected":false},"author":4,"featured_media":0,"comment_status":"closed","ping_status":"closed","sticky":false,"template":"","format":"standard","meta":{"footnotes":""},"categories":[1],"tags":[],"_links":{"self":[{"href":"https:\/\/turm-lahnstein.de\/index.php?rest_route=\/wp\/v2\/posts\/3852"}],"collection":[{"href":"https:\/\/turm-lahnstein.de\/index.php?rest_route=\/wp\/v2\/posts"}],"about":[{"href":"https:\/\/turm-lahnstein.de\/index.php?rest_route=\/wp\/v2\/types\/post"}],"author":[{"embeddable":true,"href":"https:\/\/turm-lahnstein.de\/index.php?rest_route=\/wp\/v2\/users\/4"}],"replies":[{"embeddable":true,"href":"https:\/\/turm-lahnstein.de\/index.php?rest_route=%2Fwp%2Fv2%2Fcomments&post=3852"}],"version-history":[{"count":0,"href":"https:\/\/turm-lahnstein.de\/index.php?rest_route=\/wp\/v2\/posts\/3852\/revisions"}],"wp:attachment":[{"href":"https:\/\/turm-lahnstein.de\/index.php?rest_route=%2Fwp%2Fv2%2Fmedia&parent=3852"}],"wp:term":[{"taxonomy":"category","embeddable":true,"href":"https:\/\/turm-lahnstein.de\/index.php?rest_route=%2Fwp%2Fv2%2Fcategories&post=3852"},{"taxonomy":"post_tag","embeddable":true,"href":"https:\/\/turm-lahnstein.de\/index.php?rest_route=%2Fwp%2Fv2%2Ftags&post=3852"}],"curies":[{"name":"wp","href":"https:\/\/api.w.org\/{rel}","templated":true}]}}