{"id":3848,"date":"2018-09-17T07:10:47","date_gmt":"2018-09-17T07:10:47","guid":{"rendered":"https:\/\/turmlahnstein.wordpress.com\/?p=3848"},"modified":"2018-09-17T07:10:47","modified_gmt":"2018-09-17T07:10:47","slug":"a-klasse-saisonstart","status":"publish","type":"post","link":"https:\/\/turm-lahnstein.de\/?p=3848","title":{"rendered":"A-Klasse Saisonstart"},"content":{"rendered":"<p><span style=\"color:#000000;font-family:Calibri;\">Unsere 3.Mannschaft startete mit einer knappen Niederlage gegen Einrich II in die Saison. Im Vorfeld hatten wir 3 Ausf\u00e4lle zu verkraften und sind froh einen breiten und guten Kader zu haben. Einen kurzfristigen Ausfall konnten wir dann nicht mehr kompensieren.<\/span><!--more--><\/p>\n<p><span style=\"color:#000000;font-family:Calibri;\">Wir hofften, dass das Brett noch besetzt wird, leider vergebens. Bevor aber die erste Stunde rum war hatte Lasse schon gewonnen. Sein Gegner spielte die Er\u00f6ffnung viel zu aggressiv und wurde geschickt ausgekontert. Das Materialplus brachte Lasse zielsicher nach Hause. Elmar spielte eher zu passiv und in der beengten Stellung konnte er seinen bedrohten K\u00f6nigsfl\u00fcgel nicht entlasten. Christian verlor denke ich recht unn\u00f6tig 2 Figuren schon nach wenigen Z\u00fcgen. Er k\u00e4mpfte aber und brachte den gegnerischen K\u00f6nig in Verlegenheit. Der wanderte \u00fcber das ganze Brett, aber mit einem Gegenopfer konnte der Einricher die Situation bereinigen. Es blieb genug Material damit er die Partie\u00a0erfolgreich beenden konnte. In ausgeglichener Stellung bot mein Gegner Remis, aber da Christian noch k\u00e4mpfte durfte ich das nicht annehmen. Nachdem ich durch eine Unachtsamkeit des Einricher Mannschaftsf\u00fchrers einen Bauern gewann, warf dieser alles nach vorne und sein ungedeckter K\u00f6nig war ein dankbares Opfer. 2-3 im ersten Spiel, aber ich bin sicher wir werden die n\u00f6tigen Punkte f\u00fcr den Klassenerhalt noch holen.<\/span><\/p>\n<p>&nbsp;<\/p>\n","protected":false},"excerpt":{"rendered":"<p>Unsere 3.Mannschaft startete mit einer knappen Niederlage gegen Einrich II in die Saison. Im Vorfeld hatten wir 3 Ausf\u00e4lle zu verkraften und sind froh einen breiten und guten Kader zu [&hellip;]<\/p>\n","protected":false},"author":4,"featured_media":0,"comment_status":"closed","ping_status":"closed","sticky":false,"template":"","format":"standard","meta":{"footnotes":""},"categories":[1],"tags":[],"_links":{"self":[{"href":"https:\/\/turm-lahnstein.de\/index.php?rest_route=\/wp\/v2\/posts\/3848"}],"collection":[{"href":"https:\/\/turm-lahnstein.de\/index.php?rest_route=\/wp\/v2\/posts"}],"about":[{"href":"https:\/\/turm-lahnstein.de\/index.php?rest_route=\/wp\/v2\/types\/post"}],"author":[{"embeddable":true,"href":"https:\/\/turm-lahnstein.de\/index.php?rest_route=\/wp\/v2\/users\/4"}],"replies":[{"embeddable":true,"href":"https:\/\/turm-lahnstein.de\/index.php?rest_route=%2Fwp%2Fv2%2Fcomments&post=3848"}],"version-history":[{"count":0,"href":"https:\/\/turm-lahnstein.de\/index.php?rest_route=\/wp\/v2\/posts\/3848\/revisions"}],"wp:attachment":[{"href":"https:\/\/turm-lahnstein.de\/index.php?rest_route=%2Fwp%2Fv2%2Fmedia&parent=3848"}],"wp:term":[{"taxonomy":"category","embeddable":true,"href":"https:\/\/turm-lahnstein.de\/index.php?rest_route=%2Fwp%2Fv2%2Fcategories&post=3848"},{"taxonomy":"post_tag","embeddable":true,"href":"https:\/\/turm-lahnstein.de\/index.php?rest_route=%2Fwp%2Fv2%2Ftags&post=3848"}],"curies":[{"name":"wp","href":"https:\/\/api.w.org\/{rel}","templated":true}]}}