{"id":3843,"date":"2018-09-10T11:52:27","date_gmt":"2018-09-10T11:52:27","guid":{"rendered":"https:\/\/turmlahnstein.wordpress.com\/?p=3843"},"modified":"2018-09-10T11:52:27","modified_gmt":"2018-09-10T11:52:27","slug":"bezirksliga","status":"publish","type":"post","link":"https:\/\/turm-lahnstein.de\/?p=3843","title":{"rendered":"Bezirksliga"},"content":{"rendered":"<p>F\u00fcr die neu formierte 2.Mannschaft startete die Saison nach dem Abstieg aus der Rheinlandliga gegen die SSG Hunsr\u00fcck. Fast mit der Stammsieben angetreten zeigte sich, dass wir trotz einige Bedenken ei durchaus konkurrenzf\u00e4higes Team stellen k\u00f6nnen.<\/p>\n<p><!--more-->Peter Schreieck, Markus M\u00fcller und Florian Auras konnten ihre Partien f\u00fcr sich entscheiden. Bei Remis durch Hans-Joachim Will, Kurt Sanner und Michael Sefeloge gab es nur f\u00fcr Frank Karzinowski eine Niederlage und die ersten zwei Punkte waren auf dem Lahnsteiner Konto.<\/p>\n<p>Link zur Tabelle: <a href=\"http:\/\/www.ergebnisdienst.net\/2018_2019\/abfrage.php?liga=812_11\" target=\"_blank\" rel=\"noopener noreferrer\">http:\/\/www.ergebnisdienst.net\/2018_2019\/abfrage.php?liga=812_11<\/a><\/p>\n<p>&nbsp;<\/p>\n","protected":false},"excerpt":{"rendered":"<p>F\u00fcr die neu formierte 2.Mannschaft startete die Saison nach dem Abstieg aus der Rheinlandliga gegen die SSG Hunsr\u00fcck. Fast mit der Stammsieben angetreten zeigte sich, dass wir trotz einige Bedenken [&hellip;]<\/p>\n","protected":false},"author":4,"featured_media":0,"comment_status":"closed","ping_status":"closed","sticky":false,"template":"","format":"standard","meta":{"footnotes":""},"categories":[1],"tags":[],"_links":{"self":[{"href":"https:\/\/turm-lahnstein.de\/index.php?rest_route=\/wp\/v2\/posts\/3843"}],"collection":[{"href":"https:\/\/turm-lahnstein.de\/index.php?rest_route=\/wp\/v2\/posts"}],"about":[{"href":"https:\/\/turm-lahnstein.de\/index.php?rest_route=\/wp\/v2\/types\/post"}],"author":[{"embeddable":true,"href":"https:\/\/turm-lahnstein.de\/index.php?rest_route=\/wp\/v2\/users\/4"}],"replies":[{"embeddable":true,"href":"https:\/\/turm-lahnstein.de\/index.php?rest_route=%2Fwp%2Fv2%2Fcomments&post=3843"}],"version-history":[{"count":0,"href":"https:\/\/turm-lahnstein.de\/index.php?rest_route=\/wp\/v2\/posts\/3843\/revisions"}],"wp:attachment":[{"href":"https:\/\/turm-lahnstein.de\/index.php?rest_route=%2Fwp%2Fv2%2Fmedia&parent=3843"}],"wp:term":[{"taxonomy":"category","embeddable":true,"href":"https:\/\/turm-lahnstein.de\/index.php?rest_route=%2Fwp%2Fv2%2Fcategories&post=3843"},{"taxonomy":"post_tag","embeddable":true,"href":"https:\/\/turm-lahnstein.de\/index.php?rest_route=%2Fwp%2Fv2%2Ftags&post=3843"}],"curies":[{"name":"wp","href":"https:\/\/api.w.org\/{rel}","templated":true}]}}