{"id":3841,"date":"2018-09-10T11:41:20","date_gmt":"2018-09-10T11:41:20","guid":{"rendered":"https:\/\/turmlahnstein.wordpress.com\/?p=3841"},"modified":"2018-09-10T11:41:20","modified_gmt":"2018-09-10T11:41:20","slug":"b-klasse-2","status":"publish","type":"post","link":"https:\/\/turm-lahnstein.de\/?p=3841","title":{"rendered":"B-Klasse"},"content":{"rendered":"<p>Die neue Saison startete sicher nicht wie wir und unsere Gegner aus Oberwesel sich das gew\u00fcnscht h\u00e4tten. Die baten zun\u00e4chst um eine Verlegung, wobei eine Vorverlegung nicht mehr m\u00f6glich war und eine Nachverlegung nicht beantragt wurde. Eigentlich kein Problem, aber der Wechsel des Spielleiters war da auch sicher nicht f\u00f6rderlich. Bei uns war ein Spieler nicht direkt erreichbar. Ich hoffte ihn \u00fcber Dritte ans Brett zu bekommen, aber er war dann nicht da.\u00a0 Die Oberweseler reisten auch nur mit 2 Spielern an. Immerhin bekamen wir es im Vorfeld mit Absprachen hin, dass alle die spielen wollten auch die M\u00f6glichkeit\u00a0 dazu hatten.<!--more-->Die im Jahr zuvor aus der A-Klasse\u00a0abgestiegenen Oberweseler waren dabei mit hohen Wertungszahlen klar favorisiert. Der Berichterstatter war die ~ersten 20 Z\u00fcge vor Ort und bis dahin hielten sich Jonathan Lenz und Lena Seelige gut. Nach einem schw\u00e4cheren Er\u00f6ffnungszug seines Gegners fand Jonathan nicht die beste Antwort, aber immerhin war die Bauernstruktur des ehemaligen Bezirksmeisters Ingo Geisel zerst\u00f6rt. Jonathans Figurenopfer gegen zwei Bauern war vielleicht aber zu optimistisch. Lena kam mit Schwarz gut aus der Er\u00f6ffnung und hatte lange eine sogar leicht vorteilhafte Stellung ehe der Routinier das Spiel zu seinen Gunsten wenden konnte. 1-2 aber immerhin f\u00fcr die beiden Lahnsteiner spielerisch ein vielversprechender Beginn, warden die kommenden Gegner sicher nicht so stark sein.<\/p>\n","protected":false},"excerpt":{"rendered":"<p>Die neue Saison startete sicher nicht wie wir und unsere Gegner aus Oberwesel sich das gew\u00fcnscht h\u00e4tten. Die baten zun\u00e4chst um eine Verlegung, wobei eine Vorverlegung nicht mehr m\u00f6glich war [&hellip;]<\/p>\n","protected":false},"author":4,"featured_media":0,"comment_status":"closed","ping_status":"closed","sticky":false,"template":"","format":"standard","meta":{"footnotes":""},"categories":[1],"tags":[],"_links":{"self":[{"href":"https:\/\/turm-lahnstein.de\/index.php?rest_route=\/wp\/v2\/posts\/3841"}],"collection":[{"href":"https:\/\/turm-lahnstein.de\/index.php?rest_route=\/wp\/v2\/posts"}],"about":[{"href":"https:\/\/turm-lahnstein.de\/index.php?rest_route=\/wp\/v2\/types\/post"}],"author":[{"embeddable":true,"href":"https:\/\/turm-lahnstein.de\/index.php?rest_route=\/wp\/v2\/users\/4"}],"replies":[{"embeddable":true,"href":"https:\/\/turm-lahnstein.de\/index.php?rest_route=%2Fwp%2Fv2%2Fcomments&post=3841"}],"version-history":[{"count":0,"href":"https:\/\/turm-lahnstein.de\/index.php?rest_route=\/wp\/v2\/posts\/3841\/revisions"}],"wp:attachment":[{"href":"https:\/\/turm-lahnstein.de\/index.php?rest_route=%2Fwp%2Fv2%2Fmedia&parent=3841"}],"wp:term":[{"taxonomy":"category","embeddable":true,"href":"https:\/\/turm-lahnstein.de\/index.php?rest_route=%2Fwp%2Fv2%2Fcategories&post=3841"},{"taxonomy":"post_tag","embeddable":true,"href":"https:\/\/turm-lahnstein.de\/index.php?rest_route=%2Fwp%2Fv2%2Ftags&post=3841"}],"curies":[{"name":"wp","href":"https:\/\/api.w.org\/{rel}","templated":true}]}}