{"id":3826,"date":"2018-09-09T16:19:24","date_gmt":"2018-09-09T16:19:24","guid":{"rendered":"https:\/\/turmlahnstein.wordpress.com\/?p=3826"},"modified":"2018-09-09T16:19:24","modified_gmt":"2018-09-09T16:19:24","slug":"rhein-ahr-mosel-jugendopen","status":"publish","type":"post","link":"https:\/\/turm-lahnstein.de\/?p=3826","title":{"rendered":"Rhein-Ahr-Mosel-Jugendopen"},"content":{"rendered":"<p><span style=\"color:#000000;font-family:Calibri;\">P\u00fcnktlich am 1.Samstag im September luden die Schachfreunden Nickenich zu ihren Jugendturnier ein. \u00dcber 90 Kinder waren angereist, darunter 10 Lahnsteiner.<\/span><!--more--><\/p>\n<p><span style=\"color:#000000;font-family:Calibri;\">Vier von den Lahnsteiner spielten in der U12 mit, wobei wir Joshua eigentlich f\u00fcr die U14 gemeldet hatten. So war sein Vorsprung auf den Zweitgesetzten mehr als 300 Wertungspunkte. Gerade das ist aber dann meist kein sicherer Durchlauf, verf\u00fchrt es doch zu Unachtsamkeiten. In Runde 4 konnte Joshua mit viel Geschick sich noch aus einer schwierigen Position befreien, eine Runde sp\u00e4ter lie\u00df er seinen K\u00f6nig dann doch zu sehr allein. Mit 6 Punkten reichte es aber dank der besseren Buchholz zum Turniersieg. Christian, Ben und Jonathan spielten in den letzten Turnieren deutlich st\u00e4rker. W\u00e4hrend Christian sich noch ins Mittelfeld retten konnte, lief bei Jonathan und Ben diesmal wenig zusammen. Alle drei spielen auch zusammen in einer Fu\u00dfballmannschaft, die zuvor auch eine \u201aknappe\u2018 Niederlage einstecken musste. Lag es daran? Trotzdem hatten alle sichtlich Spa\u00df am Turnier, was denke ich die Hauptsache ist. <\/span><\/p>\n<p><span style=\"color:#000000;font-family:Calibri;\">In der U10 waren Patrick und Johanna dabei. Johanna startete trotz einer Niederlage gegen einen starken Spieler gut. So ein Turnier strengt sie aber immer an und in den letzten beiden Partien war nicht mehr so viel drin. Ganz anders bei Patrick, der immer schwer reinkommt, aber mit zwei Siegen hinten heraus sich noch unter die ersten 10 spielen konnte.<\/span><\/p>\n<p><span style=\"color:#000000;font-family:Calibri;\">Meine Hauptaufmerksamkeit lag in Nickenich vor allem bei unseren j\u00fcngsten Spielern in der U8. Alexa, Niclas und Julius spielten ihr erstes Schachturnier! Der ebenfalls noch 6j\u00e4hrige Vincent spielte schon sein 3.Turnier und zeigte den anderen vor Spielbeginn wie man die Schachuhr zu bedienen hat. Das war f\u00fcr unseren pfiffigen Nachwuchs kein Problem. Auch wenn man meist erstmal mit Niederlagen anf\u00e4ngt hatten alle vier doch auch ihre Erfolgserlebnisse. Highlight war sicher, dass Vincent ein dreiz\u00fcgiges Grundlinienmatt mit Damenopfer aufs Brett zauberte. Neben mir hat es auch deren Eltern viel Freude gemacht mit welcher Begeisterung hier kombiniert wurde.<\/span><\/p>\n<p><span style=\"color:#000000;font-family:Calibri;\">Vielen Dank an den Ausrichter f\u00fcr ein sch\u00f6nes Turnier. Im Link die Tabellen und noch ein paar Bilder:<\/span><\/p>\n<p><a href=\"http:\/\/www.schachtreff-nickenich.de\/startseite\/jugend-open\/ausschreibung.html\" target=\"_blank\" rel=\"noopener noreferrer\">http:\/\/www.schachtreff-nickenich.de\/startseite\/jugend-open\/ausschreibung.html<\/a><\/p>\n<div id='gallery-1' class='gallery galleryid-3826 gallery-columns-3 gallery-size-medium'><figure class='gallery-item'>\n\t\t\t<div class='gallery-icon landscape'>\n\t\t\t\t<a href='https:\/\/turm-lahnstein.de\/?attachment_id=3827'><img loading=\"lazy\" decoding=\"async\" width=\"300\" height=\"169\" src=\"https:\/\/turm-lahnstein.de\/wp-content\/uploads\/2018\/09\/nickenic2018-10-300x169.jpg\" class=\"attachment-medium size-medium\" alt=\"\" srcset=\"https:\/\/turm-lahnstein.de\/wp-content\/uploads\/2018\/09\/nickenic2018-10-300x169.jpg 300w, https:\/\/turm-lahnstein.de\/wp-content\/uploads\/2018\/09\/nickenic2018-10.jpg 550w\" sizes=\"(max-width: 300px) 100vw, 300px\" \/><\/a>\n\t\t\t<\/div><\/figure><figure class='gallery-item'>\n\t\t\t<div class='gallery-icon landscape'>\n\t\t\t\t<a href='https:\/\/turm-lahnstein.de\/?attachment_id=3828'><img loading=\"lazy\" decoding=\"async\" width=\"300\" height=\"169\" src=\"https:\/\/turm-lahnstein.de\/wp-content\/uploads\/2018\/09\/nickenich2018-1-300x169.jpg\" class=\"attachment-medium size-medium\" alt=\"\" srcset=\"https:\/\/turm-lahnstein.de\/wp-content\/uploads\/2018\/09\/nickenich2018-1-300x169.jpg 300w, https:\/\/turm-lahnstein.de\/wp-content\/uploads\/2018\/09\/nickenich2018-1-1024x576.jpg 1024w, https:\/\/turm-lahnstein.de\/wp-content\/uploads\/2018\/09\/nickenich2018-1-768x432.jpg 768w, https:\/\/turm-lahnstein.de\/wp-content\/uploads\/2018\/09\/nickenich2018-1.jpg 1200w\" sizes=\"(max-width: 300px) 100vw, 300px\" \/><\/a>\n\t\t\t<\/div><\/figure><figure class='gallery-item'>\n\t\t\t<div class='gallery-icon landscape'>\n\t\t\t\t<a href='https:\/\/turm-lahnstein.de\/?attachment_id=3829'><img loading=\"lazy\" decoding=\"async\" width=\"300\" height=\"169\" src=\"https:\/\/turm-lahnstein.de\/wp-content\/uploads\/2018\/09\/nickenich2018-2-300x169.jpg\" class=\"attachment-medium size-medium\" alt=\"\" srcset=\"https:\/\/turm-lahnstein.de\/wp-content\/uploads\/2018\/09\/nickenich2018-2-300x169.jpg 300w, https:\/\/turm-lahnstein.de\/wp-content\/uploads\/2018\/09\/nickenich2018-2-768x432.jpg 768w, https:\/\/turm-lahnstein.de\/wp-content\/uploads\/2018\/09\/nickenich2018-2.jpg 1000w\" sizes=\"(max-width: 300px) 100vw, 300px\" \/><\/a>\n\t\t\t<\/div><\/figure><figure class='gallery-item'>\n\t\t\t<div class='gallery-icon landscape'>\n\t\t\t\t<a href='https:\/\/turm-lahnstein.de\/?attachment_id=3830'><img loading=\"lazy\" decoding=\"async\" width=\"300\" height=\"169\" src=\"https:\/\/turm-lahnstein.de\/wp-content\/uploads\/2018\/09\/nickenich2018-3-300x169.jpg\" class=\"attachment-medium size-medium\" alt=\"\" srcset=\"https:\/\/turm-lahnstein.de\/wp-content\/uploads\/2018\/09\/nickenich2018-3-300x169.jpg 300w, https:\/\/turm-lahnstein.de\/wp-content\/uploads\/2018\/09\/nickenich2018-3-768x432.jpg 768w, https:\/\/turm-lahnstein.de\/wp-content\/uploads\/2018\/09\/nickenich2018-3.jpg 1000w\" sizes=\"(max-width: 300px) 100vw, 300px\" \/><\/a>\n\t\t\t<\/div><\/figure><figure class='gallery-item'>\n\t\t\t<div class='gallery-icon landscape'>\n\t\t\t\t<a href='https:\/\/turm-lahnstein.de\/?attachment_id=3831'><img loading=\"lazy\" decoding=\"async\" width=\"300\" height=\"169\" src=\"https:\/\/turm-lahnstein.de\/wp-content\/uploads\/2018\/09\/nickenich2018-4-300x169.jpg\" class=\"attachment-medium size-medium\" alt=\"\" srcset=\"https:\/\/turm-lahnstein.de\/wp-content\/uploads\/2018\/09\/nickenich2018-4-300x169.jpg 300w, https:\/\/turm-lahnstein.de\/wp-content\/uploads\/2018\/09\/nickenich2018-4-768x432.jpg 768w, https:\/\/turm-lahnstein.de\/wp-content\/uploads\/2018\/09\/nickenich2018-4.jpg 1000w\" sizes=\"(max-width: 300px) 100vw, 300px\" \/><\/a>\n\t\t\t<\/div><\/figure><figure class='gallery-item'>\n\t\t\t<div class='gallery-icon landscape'>\n\t\t\t\t<a href='https:\/\/turm-lahnstein.de\/?attachment_id=3832'><img loading=\"lazy\" decoding=\"async\" width=\"300\" height=\"169\" src=\"https:\/\/turm-lahnstein.de\/wp-content\/uploads\/2018\/09\/nickenich2018-5-300x169.jpg\" class=\"attachment-medium size-medium\" alt=\"\" srcset=\"https:\/\/turm-lahnstein.de\/wp-content\/uploads\/2018\/09\/nickenich2018-5-300x169.jpg 300w, https:\/\/turm-lahnstein.de\/wp-content\/uploads\/2018\/09\/nickenich2018-5-768x432.jpg 768w, https:\/\/turm-lahnstein.de\/wp-content\/uploads\/2018\/09\/nickenich2018-5.jpg 1000w\" sizes=\"(max-width: 300px) 100vw, 300px\" \/><\/a>\n\t\t\t<\/div><\/figure><figure class='gallery-item'>\n\t\t\t<div class='gallery-icon landscape'>\n\t\t\t\t<a href='https:\/\/turm-lahnstein.de\/?attachment_id=3833'><img loading=\"lazy\" decoding=\"async\" width=\"300\" height=\"168\" src=\"https:\/\/turm-lahnstein.de\/wp-content\/uploads\/2018\/09\/nickenich2018-6-300x168.jpg\" class=\"attachment-medium size-medium\" alt=\"\" srcset=\"https:\/\/turm-lahnstein.de\/wp-content\/uploads\/2018\/09\/nickenich2018-6-300x168.jpg 300w, https:\/\/turm-lahnstein.de\/wp-content\/uploads\/2018\/09\/nickenich2018-6-768x431.jpg 768w, https:\/\/turm-lahnstein.de\/wp-content\/uploads\/2018\/09\/nickenich2018-6.jpg 800w\" sizes=\"(max-width: 300px) 100vw, 300px\" \/><\/a>\n\t\t\t<\/div><\/figure><figure class='gallery-item'>\n\t\t\t<div class='gallery-icon landscape'>\n\t\t\t\t<a href='https:\/\/turm-lahnstein.de\/?attachment_id=3834'><img loading=\"lazy\" decoding=\"async\" width=\"300\" height=\"169\" src=\"https:\/\/turm-lahnstein.de\/wp-content\/uploads\/2018\/09\/nickenich2018-7-300x169.jpg\" class=\"attachment-medium size-medium\" alt=\"\" srcset=\"https:\/\/turm-lahnstein.de\/wp-content\/uploads\/2018\/09\/nickenich2018-7-300x169.jpg 300w, https:\/\/turm-lahnstein.de\/wp-content\/uploads\/2018\/09\/nickenich2018-7-768x432.jpg 768w, https:\/\/turm-lahnstein.de\/wp-content\/uploads\/2018\/09\/nickenich2018-7.jpg 1000w\" sizes=\"(max-width: 300px) 100vw, 300px\" \/><\/a>\n\t\t\t<\/div><\/figure><figure class='gallery-item'>\n\t\t\t<div class='gallery-icon landscape'>\n\t\t\t\t<a href='https:\/\/turm-lahnstein.de\/?attachment_id=3835'><img loading=\"lazy\" decoding=\"async\" width=\"300\" height=\"169\" src=\"https:\/\/turm-lahnstein.de\/wp-content\/uploads\/2018\/09\/nickenich2018-8-300x169.jpg\" class=\"attachment-medium size-medium\" alt=\"\" srcset=\"https:\/\/turm-lahnstein.de\/wp-content\/uploads\/2018\/09\/nickenich2018-8-300x169.jpg 300w, https:\/\/turm-lahnstein.de\/wp-content\/uploads\/2018\/09\/nickenich2018-8-768x432.jpg 768w, https:\/\/turm-lahnstein.de\/wp-content\/uploads\/2018\/09\/nickenich2018-8.jpg 1000w\" sizes=\"(max-width: 300px) 100vw, 300px\" \/><\/a>\n\t\t\t<\/div><\/figure><figure class='gallery-item'>\n\t\t\t<div class='gallery-icon landscape'>\n\t\t\t\t<a href='https:\/\/turm-lahnstein.de\/?attachment_id=3836'><img loading=\"lazy\" decoding=\"async\" width=\"300\" height=\"168\" src=\"https:\/\/turm-lahnstein.de\/wp-content\/uploads\/2018\/09\/nickenich2018-9-300x168.jpg\" class=\"attachment-medium size-medium\" alt=\"\" srcset=\"https:\/\/turm-lahnstein.de\/wp-content\/uploads\/2018\/09\/nickenich2018-9-300x168.jpg 300w, https:\/\/turm-lahnstein.de\/wp-content\/uploads\/2018\/09\/nickenich2018-9-768x431.jpg 768w, https:\/\/turm-lahnstein.de\/wp-content\/uploads\/2018\/09\/nickenich2018-9.jpg 800w\" sizes=\"(max-width: 300px) 100vw, 300px\" \/><\/a>\n\t\t\t<\/div><\/figure>\n\t\t<\/div>\n\n<p><span style=\"color:#000000;font-family:Calibri;\">\u00a0<\/span><\/p>\n","protected":false},"excerpt":{"rendered":"<p>P\u00fcnktlich am 1.Samstag im September luden die Schachfreunden Nickenich zu ihren Jugendturnier ein. \u00dcber 90 Kinder waren angereist, darunter 10 Lahnsteiner.<\/p>\n","protected":false},"author":4,"featured_media":0,"comment_status":"closed","ping_status":"closed","sticky":false,"template":"","format":"standard","meta":{"footnotes":""},"categories":[1],"tags":[],"_links":{"self":[{"href":"https:\/\/turm-lahnstein.de\/index.php?rest_route=\/wp\/v2\/posts\/3826"}],"collection":[{"href":"https:\/\/turm-lahnstein.de\/index.php?rest_route=\/wp\/v2\/posts"}],"about":[{"href":"https:\/\/turm-lahnstein.de\/index.php?rest_route=\/wp\/v2\/types\/post"}],"author":[{"embeddable":true,"href":"https:\/\/turm-lahnstein.de\/index.php?rest_route=\/wp\/v2\/users\/4"}],"replies":[{"embeddable":true,"href":"https:\/\/turm-lahnstein.de\/index.php?rest_route=%2Fwp%2Fv2%2Fcomments&post=3826"}],"version-history":[{"count":0,"href":"https:\/\/turm-lahnstein.de\/index.php?rest_route=\/wp\/v2\/posts\/3826\/revisions"}],"wp:attachment":[{"href":"https:\/\/turm-lahnstein.de\/index.php?rest_route=%2Fwp%2Fv2%2Fmedia&parent=3826"}],"wp:term":[{"taxonomy":"category","embeddable":true,"href":"https:\/\/turm-lahnstein.de\/index.php?rest_route=%2Fwp%2Fv2%2Fcategories&post=3826"},{"taxonomy":"post_tag","embeddable":true,"href":"https:\/\/turm-lahnstein.de\/index.php?rest_route=%2Fwp%2Fv2%2Ftags&post=3826"}],"curies":[{"name":"wp","href":"https:\/\/api.w.org\/{rel}","templated":true}]}}