{"id":3738,"date":"2018-05-26T08:24:58","date_gmt":"2018-05-26T08:24:58","guid":{"rendered":"https:\/\/turmlahnstein.wordpress.com\/?p=3738"},"modified":"2018-05-26T08:24:58","modified_gmt":"2018-05-26T08:24:58","slug":"chess960-2018","status":"publish","type":"post","link":"https:\/\/turm-lahnstein.de\/?p=3738","title":{"rendered":"Chess960  2018"},"content":{"rendered":"<p>Bericht von Michael Sefeloge:<\/p>\n<p>Sechs Teilnehmer hatten sich in diesem Jahr eingefunden, um den Fischer-Schach-Meister zu ermitteln. Vorjahresgewinnerin Sabrina Ley war leider verhindert, die Teilnahme an der Deutschen Jugendmeisterschaft U 18w hatte nun einmal Vorrang.\u00a0<!--more--><\/p>\n<p>Gespielt wurde im Rundensystem jeder gegen jeden, und wer nun glaubte, dass sich am Ende ein klares Tabellenbild dem Betrachter pr\u00e4sentieren w\u00fcrde, der wurde entt\u00e4uscht. Denn nicht weniger als drei Spieler waren punkt- und wertungsgleich. Wegen der schon fortgeschrittenen Zeit wurde auf Stichk\u00e4mpfe verzichtet, was der Turnierleiter etwas ratlos zur Kenntnis nahm.\u00a0 Beide erwachsenen Co-Sieger schlugen dann vor, dem J\u00fcngsten den Turniersieg zu \u00fcberlassen! Eine sehr faire Geste, wie ich finde.<\/p>\n<p>&nbsp;<\/p>\n<p>Und so pr\u00e4sentiert sich dann die Schlusstabelle dem Betrachter:<\/p>\n<p>&nbsp;<\/p>\n<p>&nbsp;<\/p>\n<table>\n<tbody>\n<tr>\n<td width=\"64\"><strong>Rang<\/strong><\/td>\n<td width=\"198\"><strong>Teilnehmer<\/strong><\/td>\n<td width=\"47\"><strong>G<\/strong><\/td>\n<td width=\"47\"><strong>R<\/strong><\/td>\n<td width=\"57\"><strong>V<\/strong><\/td>\n<td width=\"76\"><strong>Punkte<\/strong><\/td>\n<td width=\"64\"><strong>SB<\/strong><\/td>\n<\/tr>\n<tr>\n<td width=\"64\"><strong>1<\/strong><\/td>\n<td width=\"198\"><strong>David Meuer<\/strong><\/td>\n<td width=\"47\"><strong>4<\/strong><\/td>\n<td width=\"47\"><strong>0<\/strong><\/td>\n<td width=\"57\"><strong>1<\/strong><\/td>\n<td width=\"76\"><strong>4.0<\/strong><\/td>\n<td width=\"64\"><strong>7.00<\/strong><\/td>\n<\/tr>\n<tr>\n<td width=\"64\">1<\/td>\n<td width=\"198\">Friedhelm Schneider<\/td>\n<td width=\"47\">4<\/td>\n<td width=\"47\">0<\/td>\n<td width=\"57\">1<\/td>\n<td width=\"76\">4.0<\/td>\n<td width=\"64\">7.00<\/td>\n<\/tr>\n<tr>\n<td width=\"64\">1<\/td>\n<td width=\"198\">Jakub Rezakovic<\/td>\n<td width=\"47\">4<\/td>\n<td width=\"47\">0<\/td>\n<td width=\"57\">1<\/td>\n<td width=\"76\">4.0<\/td>\n<td width=\"64\">7.00<\/td>\n<\/tr>\n<tr>\n<td width=\"64\">4<\/td>\n<td width=\"198\">Colin Klinkner<\/td>\n<td width=\"47\">2<\/td>\n<td width=\"47\">0<\/td>\n<td width=\"57\">3<\/td>\n<td width=\"76\">2.0<\/td>\n<td width=\"64\">1.00<\/td>\n<\/tr>\n<tr>\n<td width=\"64\">5<\/td>\n<td width=\"198\">Lasse Werling<\/td>\n<td width=\"47\">1<\/td>\n<td width=\"47\">0<\/td>\n<td width=\"57\">4<\/td>\n<td width=\"76\">1.0<\/td>\n<td width=\"64\">0.00<\/td>\n<\/tr>\n<tr>\n<td width=\"64\">6<\/td>\n<td width=\"198\">Jonathan Lenz<\/td>\n<td width=\"47\">0<\/td>\n<td width=\"47\">0<\/td>\n<td width=\"57\">5<\/td>\n<td width=\"76\">0.0<\/td>\n<td width=\"64\">0.00<\/td>\n<\/tr>\n<\/tbody>\n<\/table>\n<p>&nbsp;<\/p>\n<p>&nbsp;<\/p>\n<p>Hatte David im Jahr zuvor noch den letzten Platz belegt, beschloss er diesmal, sich die Tabelle mal von der anderen Seite anzuschauen, was ihm auch voll gl\u00fcckte. Herzlichen Gl\u00fcckwunsch!<\/p>\n","protected":false},"excerpt":{"rendered":"<p>Bericht von Michael Sefeloge: Sechs Teilnehmer hatten sich in diesem Jahr eingefunden, um den Fischer-Schach-Meister zu ermitteln. Vorjahresgewinnerin Sabrina Ley war leider verhindert, die Teilnahme an der Deutschen Jugendmeisterschaft U [&hellip;]<\/p>\n","protected":false},"author":4,"featured_media":0,"comment_status":"open","ping_status":"open","sticky":false,"template":"","format":"standard","meta":{"footnotes":""},"categories":[1],"tags":[],"_links":{"self":[{"href":"https:\/\/turm-lahnstein.de\/index.php?rest_route=\/wp\/v2\/posts\/3738"}],"collection":[{"href":"https:\/\/turm-lahnstein.de\/index.php?rest_route=\/wp\/v2\/posts"}],"about":[{"href":"https:\/\/turm-lahnstein.de\/index.php?rest_route=\/wp\/v2\/types\/post"}],"author":[{"embeddable":true,"href":"https:\/\/turm-lahnstein.de\/index.php?rest_route=\/wp\/v2\/users\/4"}],"replies":[{"embeddable":true,"href":"https:\/\/turm-lahnstein.de\/index.php?rest_route=%2Fwp%2Fv2%2Fcomments&post=3738"}],"version-history":[{"count":0,"href":"https:\/\/turm-lahnstein.de\/index.php?rest_route=\/wp\/v2\/posts\/3738\/revisions"}],"wp:attachment":[{"href":"https:\/\/turm-lahnstein.de\/index.php?rest_route=%2Fwp%2Fv2%2Fmedia&parent=3738"}],"wp:term":[{"taxonomy":"category","embeddable":true,"href":"https:\/\/turm-lahnstein.de\/index.php?rest_route=%2Fwp%2Fv2%2Fcategories&post=3738"},{"taxonomy":"post_tag","embeddable":true,"href":"https:\/\/turm-lahnstein.de\/index.php?rest_route=%2Fwp%2Fv2%2Ftags&post=3738"}],"curies":[{"name":"wp","href":"https:\/\/api.w.org\/{rel}","templated":true}]}}