{"id":3724,"date":"2018-05-21T19:07:41","date_gmt":"2018-05-21T19:07:41","guid":{"rendered":"https:\/\/turmlahnstein.wordpress.com\/?p=3724"},"modified":"2018-05-21T19:07:41","modified_gmt":"2018-05-21T19:07:41","slug":"djem-der-start-ist-geglueckt","status":"publish","type":"post","link":"https:\/\/turm-lahnstein.de\/?p=3724","title":{"rendered":"DJEM: Der Start ist gegl\u00fcckt"},"content":{"rendered":"<p><img loading=\"lazy\" decoding=\"async\" class=\"alignright size-large wp-image-3726\" src=\"https:\/\/turm-lahnstein.de\/wp-content\/uploads\/2018\/05\/djem-2018-1.jpg?w=611\" alt=\"\" width=\"611\" height=\"458\" srcset=\"https:\/\/turm-lahnstein.de\/wp-content\/uploads\/2018\/05\/djem-2018-1.jpg 1032w, https:\/\/turm-lahnstein.de\/wp-content\/uploads\/2018\/05\/djem-2018-1-300x225.jpg 300w, https:\/\/turm-lahnstein.de\/wp-content\/uploads\/2018\/05\/djem-2018-1-1024x768.jpg 1024w, https:\/\/turm-lahnstein.de\/wp-content\/uploads\/2018\/05\/djem-2018-1-768x576.jpg 768w\" sizes=\"(max-width: 611px) 100vw, 611px\" \/>Die ersten 3 Partien sind gespielt und alle atmen einmal durch. Der n\u00e4chste Doppelspieltag ist im Gegensatz zu den letzten Jahren f\u00fcr die \u00e4lteren Jahrg\u00e4nge erst am Mittwoch. Sabrina wieder mit k\u00e4mpferischer Einstellung, vielleicht ein wenig zu viel, denn in allen Partien geriet sie schon um den 20.Zug in hohe Zeitnot.<!--more--> Runde 1 ist f\u00fcr die oben Gesetzten immer so etwas zweischneidig. Am liebsten w\u00fcrde man locker gewinnen und Kraft f\u00fcr die n\u00e4chsten Partien sparen. Dumm halt das die Spieler der unteren H\u00e4lfte das nicht so gerne mitmachen und sich meist gut vorbereitet wehren. So gibt es doch immer wieder einige \u00dcberraschungen und da m\u00f6chte die Favoriten nicht dazu geh\u00f6ren. Sabrina holt in Runde 1 den vollen Punkt, sicher war es aber nicht locker. Tabea Lohmann vom Schachverband Baden stellt sich sicher hin und es ist schwer eine Schwachstelle zu finden. Mit einer kleinen Kombination gewinnt sie einen Bauern und geht ins Springerendspiel, dass aber erst mal gewonnen werden muss. Eine weitere Ungenauigkeit beschert ihr einen zweiten Bauern und die Angelegenheit ist klar. Wieder einmal ist es die letzte Partie in ihrer Altersgruppe und die vorletzte der DJEM in dieser Runde. Mittags dann eine Neuauflage gegen die Topfavoritin Fiona Sieber. Schnell kommt sie mit der Er\u00f6ffnung nicht mehr zurecht und findet nicht die notwendigen Gegenmittel. In schon schlechter Stellung opfert die ehemalige Europameisterin auf f2 und die Stellung ist nicht mehr zu halten. Das war keine so tolle Leistung, aber sicher die Gegnerin, wo man das verkraften kann. In Runde 3 gegen die Th\u00fcringerin Meike Ratay. Die Gegnerin hat sich mit einer speziellen Variante auf Sabrina vorbereitet und nach 10 Z\u00fcgen hat Meike ein Zeitplus w\u00e4hrend bei Sabrina die H\u00e4lfte weg ist. Sie findet diesmal aber die richtigen Pl\u00e4ne und steht leicht besser. Mutig lehnt sie bei ausgeglichenem Material mit 40 Sekunden Restbedenkzeit im 24 Zug Remis ab. Ihren leichten Stellungsvorteil kann sie in einen Bauernplus veredeln, aber der gegnerische Turm steht sehr aktiv und wir denken, dass es noch ein hartes St\u00fcck Arbeit wird. Die Gegnerin kommt ihr aber entgegen und l\u00e4sst einen Turmtausch zu. Das Bauernendspiel ist jetzt einfach gewonnen&#8230;&#8230; durchatmen. Morgen geht es gegen Katrin Leser, ihre Stuttgarter Mannschaftskameradin in der 2.Bundesliga. Wir freuen uns auf ein weiteres spannendes Spiel. Hier k\u00f6nnt ihr es live beobachten:<\/p>\n<p><a href=\"http:\/\/www.deutsche-schachjugend.de\/2018\/dem\/live\/#2018\/dem-u18w\" target=\"_blank\" rel=\"noopener noreferrer\">http:\/\/www.deutsche-schachjugend.de\/2018\/dem\/live\/#2018\/dem-u18w<\/a><\/p>\n<p>Rundherum ist die Stimmung bei den Rheinland-Pf\u00e4lzern sehr gut. Das neue Mannschaftstrikot tr\u00e4gt dazu bei.<\/p>\n<p>Neben Schach war in Willingen ein riesiges Mountain-Bike Festival. Das Festgel\u00e4nde mit Zeltplatz in unmittelbarer N\u00e4he des Hotels machte die Parkplatzsituation doch recht schwierig. Wir hatten richtig Gl\u00fcck, einige mussten kilometerweit laufen. Aber mit den tausenden von Bikern war es schon recht lustig. Regina und ich beobachten einen Teil des Downhill Rennens mit internationaler Beteiligung. Das war schon atemberaubend, wie die mitten durch den Wald in vollem Tempo runterbretterten. <img loading=\"lazy\" decoding=\"async\" class=\"alignright size-large wp-image-3727\" src=\"https:\/\/turm-lahnstein.de\/wp-content\/uploads\/2018\/05\/downhill.jpg?w=611\" alt=\"\" width=\"611\" height=\"458\" srcset=\"https:\/\/turm-lahnstein.de\/wp-content\/uploads\/2018\/05\/downhill.jpg 1200w, https:\/\/turm-lahnstein.de\/wp-content\/uploads\/2018\/05\/downhill-300x225.jpg 300w, https:\/\/turm-lahnstein.de\/wp-content\/uploads\/2018\/05\/downhill-1024x768.jpg 1024w, https:\/\/turm-lahnstein.de\/wp-content\/uploads\/2018\/05\/downhill-768x576.jpg 768w\" sizes=\"(max-width: 611px) 100vw, 611px\" \/>Nat\u00fcrlich ist die Strecke abseits normaler Fu\u00dfwege. W\u00e4re doch mal eine Idee f\u00fcr unsere Fahrradtour :-). Hier auch ein Link auf das Festival:\u00a0<a href=\"https:\/\/willingen.bike-festival.de\/allaboutbikes-live\/\" target=\"_blank\" rel=\"noopener noreferrer\">https:\/\/willingen.bike-festival.de\/allaboutbikes-live\/<\/a><\/p>\n","protected":false},"excerpt":{"rendered":"<p>Die ersten 3 Partien sind gespielt und alle atmen einmal durch. Der n\u00e4chste Doppelspieltag ist im Gegensatz zu den letzten Jahren f\u00fcr die \u00e4lteren Jahrg\u00e4nge erst am Mittwoch. Sabrina wieder [&hellip;]<\/p>\n","protected":false},"author":4,"featured_media":0,"comment_status":"open","ping_status":"open","sticky":false,"template":"","format":"standard","meta":{"footnotes":""},"categories":[1],"tags":[],"_links":{"self":[{"href":"https:\/\/turm-lahnstein.de\/index.php?rest_route=\/wp\/v2\/posts\/3724"}],"collection":[{"href":"https:\/\/turm-lahnstein.de\/index.php?rest_route=\/wp\/v2\/posts"}],"about":[{"href":"https:\/\/turm-lahnstein.de\/index.php?rest_route=\/wp\/v2\/types\/post"}],"author":[{"embeddable":true,"href":"https:\/\/turm-lahnstein.de\/index.php?rest_route=\/wp\/v2\/users\/4"}],"replies":[{"embeddable":true,"href":"https:\/\/turm-lahnstein.de\/index.php?rest_route=%2Fwp%2Fv2%2Fcomments&post=3724"}],"version-history":[{"count":0,"href":"https:\/\/turm-lahnstein.de\/index.php?rest_route=\/wp\/v2\/posts\/3724\/revisions"}],"wp:attachment":[{"href":"https:\/\/turm-lahnstein.de\/index.php?rest_route=%2Fwp%2Fv2%2Fmedia&parent=3724"}],"wp:term":[{"taxonomy":"category","embeddable":true,"href":"https:\/\/turm-lahnstein.de\/index.php?rest_route=%2Fwp%2Fv2%2Fcategories&post=3724"},{"taxonomy":"post_tag","embeddable":true,"href":"https:\/\/turm-lahnstein.de\/index.php?rest_route=%2Fwp%2Fv2%2Ftags&post=3724"}],"curies":[{"name":"wp","href":"https:\/\/api.w.org\/{rel}","templated":true}]}}