{"id":3700,"date":"2018-05-10T10:41:46","date_gmt":"2018-05-10T10:41:46","guid":{"rendered":"https:\/\/turmlahnstein.wordpress.com\/?p=3700"},"modified":"2018-05-10T10:41:46","modified_gmt":"2018-05-10T10:41:46","slug":"pressebericht-spieljahr-fuer-alle-mannschaften-beendet","status":"publish","type":"post","link":"https:\/\/turm-lahnstein.de\/?p=3700","title":{"rendered":"Pressebericht: Spieljahr f\u00fcr alle Mannschaften beendet"},"content":{"rendered":"<p><img loading=\"lazy\" decoding=\"async\" class=\"alignright size-full wp-image-68\" src=\"https:\/\/turm-lahnstein.de\/wp-content\/uploads\/2012\/09\/friedhelm_col.jpg\" alt=\"\" width=\"254\" height=\"248\" \/>Mit der jeweils letzten Runde in der A- und B-Klasse des Schachbezirks Rhein-Nahe endete die Saison nun auch f\u00fcr die dritte und vierte Mannschaft des Schachvereins Turm Lahnstein.<\/p>\n<p>F\u00fcr die dritte Mannschaft ging ein zufriedenstellendes Spieljahr mit einem sechsten Platz von 10 Mannschaften bei 8 : 10 Mannschaftspunkten zu Ende. Ein herausragendes Einzelergebnis erzielte Dr. Axel M\u00fcller mit 5,5 Punkten aus sechs Partien. Frank Karzinowski kletterte mit 4 aus 7 auch \u00fcber die 50% Marke. Kurt Sanner mit 3,5 aus 8 und Elsin Smakic mit 2,5 aus 7 blieben unter der H\u00e4lfte der m\u00f6glichen Punkte. Weitere sechs Spieler komplettierten mit einzelnen Eins\u00e4tzen die Mannschaft.<\/p>\n<p>Der vierten Mannschaft gelang in der B-Klasse mit einem 3 : 1 Sieg gegen den SC Nast\u00e4tten II ein vers\u00f6hnlicher Abschluss. \u00dcber die ganze Saison gesehen, hatte man sich mehr als 9 : 11 Mannschaftspunkte und den 6. Platz unter 8 Mannscnhaften versprochen. Eifrigster Punktesammler war David Meuer mit 6,5 Punkten aus acht Spielen. Mehr als die H\u00e4lfte aller Spiel bestritten nur noch Colin Klinker und Luca Engelbrecht, die knapp unter 50% Punkteausbeute blieben. Auch in dieser Mannschaft stellten sechs weitere Spieler die Vollst\u00e4ndigkeit der Lahnsteiner Vertretung\u00a0 sicher.<\/p>\n","protected":false},"excerpt":{"rendered":"<p>Mit der jeweils letzten Runde in der A- und B-Klasse des Schachbezirks Rhein-Nahe endete die Saison nun auch f\u00fcr die dritte und vierte Mannschaft des Schachvereins Turm Lahnstein. F\u00fcr die [&hellip;]<\/p>\n","protected":false},"author":4,"featured_media":0,"comment_status":"open","ping_status":"open","sticky":false,"template":"","format":"standard","meta":{"footnotes":""},"categories":[1],"tags":[],"_links":{"self":[{"href":"https:\/\/turm-lahnstein.de\/index.php?rest_route=\/wp\/v2\/posts\/3700"}],"collection":[{"href":"https:\/\/turm-lahnstein.de\/index.php?rest_route=\/wp\/v2\/posts"}],"about":[{"href":"https:\/\/turm-lahnstein.de\/index.php?rest_route=\/wp\/v2\/types\/post"}],"author":[{"embeddable":true,"href":"https:\/\/turm-lahnstein.de\/index.php?rest_route=\/wp\/v2\/users\/4"}],"replies":[{"embeddable":true,"href":"https:\/\/turm-lahnstein.de\/index.php?rest_route=%2Fwp%2Fv2%2Fcomments&post=3700"}],"version-history":[{"count":0,"href":"https:\/\/turm-lahnstein.de\/index.php?rest_route=\/wp\/v2\/posts\/3700\/revisions"}],"wp:attachment":[{"href":"https:\/\/turm-lahnstein.de\/index.php?rest_route=%2Fwp%2Fv2%2Fmedia&parent=3700"}],"wp:term":[{"taxonomy":"category","embeddable":true,"href":"https:\/\/turm-lahnstein.de\/index.php?rest_route=%2Fwp%2Fv2%2Fcategories&post=3700"},{"taxonomy":"post_tag","embeddable":true,"href":"https:\/\/turm-lahnstein.de\/index.php?rest_route=%2Fwp%2Fv2%2Ftags&post=3700"}],"curies":[{"name":"wp","href":"https:\/\/api.w.org\/{rel}","templated":true}]}}