{"id":370,"date":"2013-01-26T09:57:22","date_gmt":"2013-01-26T09:57:22","guid":{"rendered":"http:\/\/turmlahnstein.wordpress.com\/?p=370"},"modified":"2013-01-26T09:57:22","modified_gmt":"2013-01-26T09:57:22","slug":"2-runde-vm","status":"publish","type":"post","link":"https:\/\/turm-lahnstein.de\/?p=370","title":{"rendered":"2. Runde VM"},"content":{"rendered":"<p><img loading=\"lazy\" decoding=\"async\" class=\"alignleft size-thumbnail wp-image-372\" alt=\"vm2\" src=\"https:\/\/turm-lahnstein.de\/wp-content\/uploads\/2013\/01\/vm21.jpg?w=150\" width=\"150\" height=\"103\" \/>Gerhard schaffte als einziger f\u00fcr eine \u00dcberraschung zu sorgen und gewann gegen Norbert. Ansonsten setzten sich die Favoriten mehr oder weniger souver\u00e4n kommt. In der dritten Runde kommt es zum Aufeinandertreffen von Friedhelm und Ralf.<\/p>\n<p><!--more--><\/p>\n<p><strong>Ergebnisse\u00a0 2. Runde:<\/strong><\/p>\n<p>Michael Sefeloge 0-1 Friedhelm Schneider<br \/>\nSabrina Ley 0-1 Ralf Teichgr\u00e4ber<br \/>\nStephan B\u00fcchner 1-0 Peter Schreieck<br \/>\nAlina Usczeck 0-1 Werner Sonnhoff<br \/>\nNorbert Niechoj 0-1 Gerhard Reznik<br \/>\nKurt Sanner\u00a0 1- 0 Elmar Wiskirchen<\/p>\n<p>&nbsp;<br \/>\n<strong>Auslosung\u00a0 3. Runde:<\/strong><\/p>\n<p>Friedhelm Schneider (2) &#8211; Ralf Teichgr\u00e4ber(2)<br \/>\nMichael Sefeloge (1) &#8211; Stephan B\u00fcchner(1.5)<br \/>\nWerner Sonnhoff (1.5) &#8211; Kurt Sanner(1)<br \/>\nGerhard Reznik (1) &#8211; Sabrina Ley(1)<br \/>\nPeter Schreieck (0.5) &#8211; Norbert Niechoj(0)<br \/>\nElmar Wiskirchen (0) &#8211; Alina Usczeck(0.5)<\/p>\n","protected":false},"excerpt":{"rendered":"<p>Gerhard schaffte als einziger f\u00fcr eine \u00dcberraschung zu sorgen und gewann gegen Norbert. Ansonsten setzten sich die Favoriten mehr oder weniger souver\u00e4n kommt. In der dritten Runde kommt es zum [&hellip;]<\/p>\n","protected":false},"author":2,"featured_media":0,"comment_status":"open","ping_status":"open","sticky":false,"template":"","format":"standard","meta":{"footnotes":""},"categories":[10],"tags":[59,105],"_links":{"self":[{"href":"https:\/\/turm-lahnstein.de\/index.php?rest_route=\/wp\/v2\/posts\/370"}],"collection":[{"href":"https:\/\/turm-lahnstein.de\/index.php?rest_route=\/wp\/v2\/posts"}],"about":[{"href":"https:\/\/turm-lahnstein.de\/index.php?rest_route=\/wp\/v2\/types\/post"}],"author":[{"embeddable":true,"href":"https:\/\/turm-lahnstein.de\/index.php?rest_route=\/wp\/v2\/users\/2"}],"replies":[{"embeddable":true,"href":"https:\/\/turm-lahnstein.de\/index.php?rest_route=%2Fwp%2Fv2%2Fcomments&post=370"}],"version-history":[{"count":0,"href":"https:\/\/turm-lahnstein.de\/index.php?rest_route=\/wp\/v2\/posts\/370\/revisions"}],"wp:attachment":[{"href":"https:\/\/turm-lahnstein.de\/index.php?rest_route=%2Fwp%2Fv2%2Fmedia&parent=370"}],"wp:term":[{"taxonomy":"category","embeddable":true,"href":"https:\/\/turm-lahnstein.de\/index.php?rest_route=%2Fwp%2Fv2%2Fcategories&post=370"},{"taxonomy":"post_tag","embeddable":true,"href":"https:\/\/turm-lahnstein.de\/index.php?rest_route=%2Fwp%2Fv2%2Ftags&post=370"}],"curies":[{"name":"wp","href":"https:\/\/api.w.org\/{rel}","templated":true}]}}