{"id":3656,"date":"2018-04-23T09:56:48","date_gmt":"2018-04-23T09:56:48","guid":{"rendered":"https:\/\/turmlahnstein.wordpress.com\/?p=3656"},"modified":"2018-04-23T09:56:48","modified_gmt":"2018-04-23T09:56:48","slug":"u12-vizemeister-bei-den-rhl-pfalz-mannschaftmeisterschaften","status":"publish","type":"post","link":"https:\/\/turm-lahnstein.de\/?p=3656","title":{"rendered":"U12: Vizemeister bei den Rhl-Pfalz Mannschaftmeisterschaften"},"content":{"rendered":"<p><img loading=\"lazy\" decoding=\"async\" class=\"alignright size-medium wp-image-3662\" src=\"https:\/\/turm-lahnstein.de\/wp-content\/uploads\/2018\/04\/img_1460.jpg?w=300\" alt=\"\" width=\"300\" height=\"225\" srcset=\"https:\/\/turm-lahnstein.de\/wp-content\/uploads\/2018\/04\/img_1460.jpg 1200w, https:\/\/turm-lahnstein.de\/wp-content\/uploads\/2018\/04\/img_1460-300x225.jpg 300w, https:\/\/turm-lahnstein.de\/wp-content\/uploads\/2018\/04\/img_1460-1024x768.jpg 1024w, https:\/\/turm-lahnstein.de\/wp-content\/uploads\/2018\/04\/img_1460-768x576.jpg 768w\" sizes=\"(max-width: 300px) 100vw, 300px\" \/>Mit einem gro\u00dfartigen Erfolg bescherte sich unsere 1.U12 Mannschaft bei den Meisterschaften in Kastellaun, die hervorragend von der SG M\u00f6rdorf-Lahr organisiert wurden. Bevor wir aber zur ersten Mannschaft kommen muss man fast noch mehr unsere 2.Vertretung in der Aufstellung 1.Jonathan Lenz 2.Franziska Herbel 3.Viktor Fohr 4. Patrick Br\u00fchl loben. <!--more-->Zielsetzung war hier, jeder holt mindestens einen Punkt und wir werden nicht letzter. In den ersten beiden Spielen gab es 2 0-4 Klatschen und ich bef\u00fcrchtete schlimmeres. Die Mannschaft fing sich aber und es folgten 1 Sieg und ein Unentschieden. Das war also mal geschafft. Jeder hatte schon eine Partie gewonnen. Als in der 5. Runde ein weitere Sieg folgte war das schon richtig stark. Gegen Gau-Algesheim, die zwar nur zu dritt antraten, aber daf\u00fcr hochkar\u00e4tig besetzt waren, holte \u00fcberraschend Viktor in einer toll gef\u00fchrten Partie den Punkt zum 2-2. Nun standen wir vor der letzten Runde mit 6-6 Punkte da. &#8218;Belohnt&#8216; wurden wir mit dem schwerstm\u00f6gliche Los, der an Nummer 2 gesetzten SK Frankenthal. Aber auch hier k\u00e4mpften alle. Diesmal war es Patrick, der zum zwischenzeitlichen Ausgleich seine Partie entscheiden konnte. Jonathan hatte den 3. der U12 Einzelmeisterschaften Ibrahim Halabi vor sich und trotz voller Konzentration war der doch zu gut. Der 2. in der U10 Michael Schreidl war Franzis Gegner. Hier rechnete wir uns auch nichts aus, aber Franzi griff mutig an und hatte zwischendurch eine vielversprechende Stellung. Schade das ein einfacher Einsteller das Spiel quasi beendete. So rutschen wir auf den 16.Platz von 20, wobei wir punktgleich mit dem 12. waren. Jonathan war ein f\u00fcrsorglicher Mannschaftsf\u00fchrer, obwohl er am ersten Brett die st\u00e4rksten Gegner hatte, k\u00fcmmerte er sich doch um seine Mitspieler, tr\u00f6stete nach Niederlagen und begl\u00fcckw\u00fcnschte nach Siegen. Jonathan erreichte am ersten Brett 2 Punkte. Franzi erreichte sogar 3 Punkte und in mindestens 2 Partien war vielleicht mehr drin. Auch Viktor hat sicher einen Schritt nach vorne gemacht und 2 Punkte erzielt. Hinten holte Patrick das beste Ergebnis mit 4 Punkten.<\/p>\n<p>Unsere Erste hatte nat\u00fcrlich h\u00f6here Ambitionen, sah man von Topfavorit Trier ab, war alles m\u00f6glich. Es ging auch gut los. Sichere 3-1 Siege gegen M\u00f6rsdorf und Heidesheim, danach kam Trier. Ich versuchte alle Spieler aufzumuntern, hat doch jeder schon mal einen \u00e4hnlich starken Gegner besiegt. Das war vielleicht doch zu viel getr\u00e4umt, lediglich David konnte den White Wash verhindern und ein Remis erk\u00e4mpfen. Unsere 4 lie\u00dfen sich davon aber nicht runter ziehen und mit einem 4-0 gegen den sp\u00e4teren dritten Birkenfeld zielten wir wieder nach oben. Gau-Algesheim wurde ebenfalls sicher besiegt und in der Vorschlussrunde wartete Lokalrivale VFR auf uns. Mit denen hatten wir noch eine Rechnung offen, mussten wir dem VFR doch 2017 in der letzten Partie knapp den dritten Platz \u00fcberlassen. Schnell gingen wir durch Christian in F\u00fchrung, aber an den anderen Brettern wurde es hart. Joshua, der bis dahin an eins ein super Turnier gespielt hatte kam im K\u00f6nigsinder etwas schlechter raus. Er opferte mutig einen Turm gegen Springer und Bauern und nachdem die Koblenzer eins Jonas Marquardt einen weiteren Bauern verlor, hatte er mehr als Gegenspiel. Jetzt spielte Joshua leider fahrig und verlor ohne Not einen wichtigen Bauern und das Endspiel war hoffnungslos. David und Lasse hatten sich aber zwischenzeitlich deutliche Vorteile erspielt und David wurde angewiesen Remis zu machen. Mit L\u00e4ufer f\u00fcr Bauern vielleicht etwas unn\u00f6tig, aber mannschaftsdienlich, denn Lasse verwandelte sicher. Vor der letzten Runde gegen Ingelheim konnten wir sogar eine knappe Niederlage verkraften um\u00a0 Zweiter zu werden. Es wurde ein gerechtes 2-2 und wir waren mit 2 Punkten Vorsprung Zweiter! Ich denke unsere wichtigste St\u00e4rke war die Homogenit\u00e4t in der Mannschaft. An Brett eins holte Mannschaftsf\u00fchrer Joshua 4 Punkte. Ein gutes Ergebnis und w\u00e4re er in den Schlussrunden nicht ein wenig fahrl\u00e4ssig geworden, h\u00e4tte es noch viel besser werden k\u00f6nnen. David erreichte 5 Punkte mit 4 Siegen, bei nur einer Niederlage. Seine Partien dauern meist sehr lange und machen hinten raus dann den Unterschied. Lasse an drei hatte 4,5 Punkte. Seine Schw\u00e4che in langen Partien manchmal die Konzentration zu verlieren, hatte er bei diesem Turnier abgestellt. Auch er nahm zweimal in guten Stellungen Remis an, um den Mannschaftssieg zu sichern. Hinten war Christian eine Bank mit 5 Punkten. Auch seine Spielanlage hat sich in den letzten Monaten deutlich verbessert.<\/p>\n<p>Neben dem Spielen verstanden sich alle 8 sehr gut und so wurde auch in den Pausen weiter Schach gespielt, wobei die Tandem-Variante bevorzugt wurde.<\/p>\n<p>Die Stimmung wurde ein wenig getr\u00fcbt, weil es dieses Jahr nicht sicher ist, ob der 2.Platz, wie in den letzten Jahren, als Qualifikation zur Mitteldeutschen Meisterschaft reicht. Der diesj\u00e4hrige Ausrichter das Saarland m\u00f6chte nur die Sieger der Landesverb\u00e4nde einladen. Schade, wir w\u00fcrden gerne hier teilnehmen.<\/p>\n<p>&nbsp;<\/p>\n<p>Ergebnis: \u00a0<a href=\"https:\/\/turm-lahnstein.de\/wp-content\/uploads\/2018\/04\/u12mmrhl-pf.pdf\">U12MMRhl-Pf<\/a><\/p>\n<div id='gallery-1' class='gallery galleryid-3656 gallery-columns-3 gallery-size-medium'><figure class='gallery-item'>\n\t\t\t<div class='gallery-icon landscape'>\n\t\t\t\t<a href='https:\/\/turm-lahnstein.de\/?attachment_id=3663'><img loading=\"lazy\" decoding=\"async\" width=\"300\" height=\"225\" src=\"https:\/\/turm-lahnstein.de\/wp-content\/uploads\/2018\/04\/img_1456-300x225.jpg\" class=\"attachment-medium size-medium\" alt=\"\" srcset=\"https:\/\/turm-lahnstein.de\/wp-content\/uploads\/2018\/04\/img_1456-300x225.jpg 300w, https:\/\/turm-lahnstein.de\/wp-content\/uploads\/2018\/04\/img_1456-1024x768.jpg 1024w, https:\/\/turm-lahnstein.de\/wp-content\/uploads\/2018\/04\/img_1456-768x576.jpg 768w, https:\/\/turm-lahnstein.de\/wp-content\/uploads\/2018\/04\/img_1456.jpg 1200w\" sizes=\"(max-width: 300px) 100vw, 300px\" \/><\/a>\n\t\t\t<\/div><\/figure><figure class='gallery-item'>\n\t\t\t<div class='gallery-icon landscape'>\n\t\t\t\t<a href='https:\/\/turm-lahnstein.de\/?attachment_id=3664'><img loading=\"lazy\" decoding=\"async\" width=\"300\" height=\"225\" src=\"https:\/\/turm-lahnstein.de\/wp-content\/uploads\/2018\/04\/img_1448-300x225.jpg\" class=\"attachment-medium size-medium\" alt=\"\" srcset=\"https:\/\/turm-lahnstein.de\/wp-content\/uploads\/2018\/04\/img_1448-300x225.jpg 300w, https:\/\/turm-lahnstein.de\/wp-content\/uploads\/2018\/04\/img_1448-1024x768.jpg 1024w, https:\/\/turm-lahnstein.de\/wp-content\/uploads\/2018\/04\/img_1448-768x576.jpg 768w, https:\/\/turm-lahnstein.de\/wp-content\/uploads\/2018\/04\/img_1448.jpg 1200w\" sizes=\"(max-width: 300px) 100vw, 300px\" \/><\/a>\n\t\t\t<\/div><\/figure><figure class='gallery-item'>\n\t\t\t<div class='gallery-icon landscape'>\n\t\t\t\t<a href='https:\/\/turm-lahnstein.de\/?attachment_id=3665'><img loading=\"lazy\" decoding=\"async\" width=\"300\" height=\"225\" src=\"https:\/\/turm-lahnstein.de\/wp-content\/uploads\/2018\/04\/img_1421-300x225.jpg\" class=\"attachment-medium size-medium\" alt=\"\" srcset=\"https:\/\/turm-lahnstein.de\/wp-content\/uploads\/2018\/04\/img_1421-300x225.jpg 300w, https:\/\/turm-lahnstein.de\/wp-content\/uploads\/2018\/04\/img_1421-1024x768.jpg 1024w, https:\/\/turm-lahnstein.de\/wp-content\/uploads\/2018\/04\/img_1421-768x576.jpg 768w, https:\/\/turm-lahnstein.de\/wp-content\/uploads\/2018\/04\/img_1421.jpg 1200w\" sizes=\"(max-width: 300px) 100vw, 300px\" \/><\/a>\n\t\t\t<\/div><\/figure><figure class='gallery-item'>\n\t\t\t<div class='gallery-icon landscape'>\n\t\t\t\t<a href='https:\/\/turm-lahnstein.de\/?attachment_id=3666'><img loading=\"lazy\" decoding=\"async\" width=\"300\" height=\"225\" src=\"https:\/\/turm-lahnstein.de\/wp-content\/uploads\/2018\/04\/img_1447-300x225.jpg\" class=\"attachment-medium size-medium\" alt=\"\" srcset=\"https:\/\/turm-lahnstein.de\/wp-content\/uploads\/2018\/04\/img_1447-300x225.jpg 300w, https:\/\/turm-lahnstein.de\/wp-content\/uploads\/2018\/04\/img_1447-1024x768.jpg 1024w, https:\/\/turm-lahnstein.de\/wp-content\/uploads\/2018\/04\/img_1447-768x576.jpg 768w, https:\/\/turm-lahnstein.de\/wp-content\/uploads\/2018\/04\/img_1447.jpg 1200w\" sizes=\"(max-width: 300px) 100vw, 300px\" \/><\/a>\n\t\t\t<\/div><\/figure><figure class='gallery-item'>\n\t\t\t<div class='gallery-icon landscape'>\n\t\t\t\t<a href='https:\/\/turm-lahnstein.de\/?attachment_id=3667'><img loading=\"lazy\" decoding=\"async\" width=\"300\" height=\"225\" src=\"https:\/\/turm-lahnstein.de\/wp-content\/uploads\/2018\/04\/img_1454-300x225.jpg\" class=\"attachment-medium size-medium\" alt=\"\" srcset=\"https:\/\/turm-lahnstein.de\/wp-content\/uploads\/2018\/04\/img_1454-300x225.jpg 300w, https:\/\/turm-lahnstein.de\/wp-content\/uploads\/2018\/04\/img_1454-1024x768.jpg 1024w, https:\/\/turm-lahnstein.de\/wp-content\/uploads\/2018\/04\/img_1454-768x576.jpg 768w, https:\/\/turm-lahnstein.de\/wp-content\/uploads\/2018\/04\/img_1454.jpg 1200w\" sizes=\"(max-width: 300px) 100vw, 300px\" \/><\/a>\n\t\t\t<\/div><\/figure><figure class='gallery-item'>\n\t\t\t<div class='gallery-icon landscape'>\n\t\t\t\t<a href='https:\/\/turm-lahnstein.de\/?attachment_id=3668'><img loading=\"lazy\" decoding=\"async\" width=\"300\" height=\"225\" src=\"https:\/\/turm-lahnstein.de\/wp-content\/uploads\/2018\/04\/img_1402-300x225.jpg\" class=\"attachment-medium size-medium\" alt=\"\" srcset=\"https:\/\/turm-lahnstein.de\/wp-content\/uploads\/2018\/04\/img_1402-300x225.jpg 300w, https:\/\/turm-lahnstein.de\/wp-content\/uploads\/2018\/04\/img_1402-1024x768.jpg 1024w, https:\/\/turm-lahnstein.de\/wp-content\/uploads\/2018\/04\/img_1402-768x576.jpg 768w, https:\/\/turm-lahnstein.de\/wp-content\/uploads\/2018\/04\/img_1402.jpg 1200w\" sizes=\"(max-width: 300px) 100vw, 300px\" \/><\/a>\n\t\t\t<\/div><\/figure><figure class='gallery-item'>\n\t\t\t<div class='gallery-icon landscape'>\n\t\t\t\t<a href='https:\/\/turm-lahnstein.de\/?attachment_id=3669'><img loading=\"lazy\" decoding=\"async\" width=\"300\" height=\"225\" src=\"https:\/\/turm-lahnstein.de\/wp-content\/uploads\/2018\/04\/img_1440-300x225.jpg\" class=\"attachment-medium size-medium\" alt=\"\" srcset=\"https:\/\/turm-lahnstein.de\/wp-content\/uploads\/2018\/04\/img_1440-300x225.jpg 300w, https:\/\/turm-lahnstein.de\/wp-content\/uploads\/2018\/04\/img_1440-1024x768.jpg 1024w, https:\/\/turm-lahnstein.de\/wp-content\/uploads\/2018\/04\/img_1440-768x576.jpg 768w, https:\/\/turm-lahnstein.de\/wp-content\/uploads\/2018\/04\/img_1440.jpg 1200w\" sizes=\"(max-width: 300px) 100vw, 300px\" \/><\/a>\n\t\t\t<\/div><\/figure><figure class='gallery-item'>\n\t\t\t<div class='gallery-icon landscape'>\n\t\t\t\t<a href='https:\/\/turm-lahnstein.de\/?attachment_id=3670'><img loading=\"lazy\" decoding=\"async\" width=\"300\" height=\"225\" src=\"https:\/\/turm-lahnstein.de\/wp-content\/uploads\/2018\/04\/img_1441-300x225.jpg\" class=\"attachment-medium size-medium\" alt=\"\" srcset=\"https:\/\/turm-lahnstein.de\/wp-content\/uploads\/2018\/04\/img_1441-300x225.jpg 300w, https:\/\/turm-lahnstein.de\/wp-content\/uploads\/2018\/04\/img_1441-1024x768.jpg 1024w, https:\/\/turm-lahnstein.de\/wp-content\/uploads\/2018\/04\/img_1441-768x576.jpg 768w, https:\/\/turm-lahnstein.de\/wp-content\/uploads\/2018\/04\/img_1441.jpg 1200w\" sizes=\"(max-width: 300px) 100vw, 300px\" \/><\/a>\n\t\t\t<\/div><\/figure><figure class='gallery-item'>\n\t\t\t<div class='gallery-icon landscape'>\n\t\t\t\t<a href='https:\/\/turm-lahnstein.de\/?attachment_id=3671'><img loading=\"lazy\" decoding=\"async\" width=\"300\" height=\"225\" src=\"https:\/\/turm-lahnstein.de\/wp-content\/uploads\/2018\/04\/img_1430-300x225.jpg\" class=\"attachment-medium size-medium\" alt=\"\" srcset=\"https:\/\/turm-lahnstein.de\/wp-content\/uploads\/2018\/04\/img_1430-300x225.jpg 300w, https:\/\/turm-lahnstein.de\/wp-content\/uploads\/2018\/04\/img_1430-1024x768.jpg 1024w, https:\/\/turm-lahnstein.de\/wp-content\/uploads\/2018\/04\/img_1430-768x576.jpg 768w, https:\/\/turm-lahnstein.de\/wp-content\/uploads\/2018\/04\/img_1430.jpg 1200w\" sizes=\"(max-width: 300px) 100vw, 300px\" \/><\/a>\n\t\t\t<\/div><\/figure><figure class='gallery-item'>\n\t\t\t<div class='gallery-icon landscape'>\n\t\t\t\t<a href='https:\/\/turm-lahnstein.de\/?attachment_id=3672'><img loading=\"lazy\" decoding=\"async\" width=\"300\" height=\"225\" src=\"https:\/\/turm-lahnstein.de\/wp-content\/uploads\/2018\/04\/img_1431-300x225.jpg\" class=\"attachment-medium size-medium\" alt=\"\" srcset=\"https:\/\/turm-lahnstein.de\/wp-content\/uploads\/2018\/04\/img_1431-300x225.jpg 300w, https:\/\/turm-lahnstein.de\/wp-content\/uploads\/2018\/04\/img_1431-1024x768.jpg 1024w, https:\/\/turm-lahnstein.de\/wp-content\/uploads\/2018\/04\/img_1431-768x576.jpg 768w, https:\/\/turm-lahnstein.de\/wp-content\/uploads\/2018\/04\/img_1431.jpg 1200w\" sizes=\"(max-width: 300px) 100vw, 300px\" \/><\/a>\n\t\t\t<\/div><\/figure><figure class='gallery-item'>\n\t\t\t<div class='gallery-icon landscape'>\n\t\t\t\t<a href='https:\/\/turm-lahnstein.de\/?attachment_id=3673'><img loading=\"lazy\" decoding=\"async\" width=\"300\" height=\"225\" src=\"https:\/\/turm-lahnstein.de\/wp-content\/uploads\/2018\/04\/img_1418-300x225.jpg\" class=\"attachment-medium size-medium\" alt=\"\" srcset=\"https:\/\/turm-lahnstein.de\/wp-content\/uploads\/2018\/04\/img_1418-300x225.jpg 300w, https:\/\/turm-lahnstein.de\/wp-content\/uploads\/2018\/04\/img_1418-1024x768.jpg 1024w, https:\/\/turm-lahnstein.de\/wp-content\/uploads\/2018\/04\/img_1418-768x576.jpg 768w, https:\/\/turm-lahnstein.de\/wp-content\/uploads\/2018\/04\/img_1418.jpg 1200w\" sizes=\"(max-width: 300px) 100vw, 300px\" \/><\/a>\n\t\t\t<\/div><\/figure>\n\t\t<\/div>\n\n<p>&nbsp;<\/p>\n","protected":false},"excerpt":{"rendered":"<p>Mit einem gro\u00dfartigen Erfolg bescherte sich unsere 1.U12 Mannschaft bei den Meisterschaften in Kastellaun, die hervorragend von der SG M\u00f6rdorf-Lahr organisiert wurden. Bevor wir aber zur ersten Mannschaft kommen muss [&hellip;]<\/p>\n","protected":false},"author":4,"featured_media":0,"comment_status":"open","ping_status":"open","sticky":false,"template":"","format":"standard","meta":{"footnotes":""},"categories":[1],"tags":[],"_links":{"self":[{"href":"https:\/\/turm-lahnstein.de\/index.php?rest_route=\/wp\/v2\/posts\/3656"}],"collection":[{"href":"https:\/\/turm-lahnstein.de\/index.php?rest_route=\/wp\/v2\/posts"}],"about":[{"href":"https:\/\/turm-lahnstein.de\/index.php?rest_route=\/wp\/v2\/types\/post"}],"author":[{"embeddable":true,"href":"https:\/\/turm-lahnstein.de\/index.php?rest_route=\/wp\/v2\/users\/4"}],"replies":[{"embeddable":true,"href":"https:\/\/turm-lahnstein.de\/index.php?rest_route=%2Fwp%2Fv2%2Fcomments&post=3656"}],"version-history":[{"count":0,"href":"https:\/\/turm-lahnstein.de\/index.php?rest_route=\/wp\/v2\/posts\/3656\/revisions"}],"wp:attachment":[{"href":"https:\/\/turm-lahnstein.de\/index.php?rest_route=%2Fwp%2Fv2%2Fmedia&parent=3656"}],"wp:term":[{"taxonomy":"category","embeddable":true,"href":"https:\/\/turm-lahnstein.de\/index.php?rest_route=%2Fwp%2Fv2%2Fcategories&post=3656"},{"taxonomy":"post_tag","embeddable":true,"href":"https:\/\/turm-lahnstein.de\/index.php?rest_route=%2Fwp%2Fv2%2Ftags&post=3656"}],"curies":[{"name":"wp","href":"https:\/\/api.w.org\/{rel}","templated":true}]}}