{"id":3649,"date":"2018-04-21T19:01:46","date_gmt":"2018-04-21T19:01:46","guid":{"rendered":"https:\/\/turmlahnstein.wordpress.com\/?p=3649"},"modified":"2018-04-21T19:01:46","modified_gmt":"2018-04-21T19:01:46","slug":"friedhelm-schneider-gewinnt-seinen-zweiten-titel-bei-der-vereinsmeisterschaft","status":"publish","type":"post","link":"https:\/\/turm-lahnstein.de\/?p=3649","title":{"rendered":"Friedhelm Schneider gewinnt seinen zweiten Titel bei der Vereinsmeisterschaft"},"content":{"rendered":"<p>Bericht von Turnierleiter Michael Sefeloge, Bilder Peter Ley:<img loading=\"lazy\" decoding=\"async\" class=\"alignright size-medium wp-image-3653\" src=\"https:\/\/turm-lahnstein.de\/wp-content\/uploads\/2018\/04\/20180420_1954061.jpg?w=300\" alt=\"\" width=\"300\" height=\"169\" srcset=\"https:\/\/turm-lahnstein.de\/wp-content\/uploads\/2018\/04\/20180420_1954061.jpg 1200w, https:\/\/turm-lahnstein.de\/wp-content\/uploads\/2018\/04\/20180420_1954061-300x169.jpg 300w, https:\/\/turm-lahnstein.de\/wp-content\/uploads\/2018\/04\/20180420_1954061-1024x576.jpg 1024w, https:\/\/turm-lahnstein.de\/wp-content\/uploads\/2018\/04\/20180420_1954061-768x432.jpg 768w\" sizes=\"(max-width: 300px) 100vw, 300px\" \/><\/p>\n<p>Es war ein \u00fcberaus spannendes Finale in diesem Jahr. Werner Sonnhoff hatte in einer vorgezogenen Partie gegen Kurt Sanner gewonnen und notierte nun bei 6.5 Punkten in der Tabelle. Also lag es an Friedhelm Schneider, in seiner Partie gegen den Turnierleiter nachzuziehen, was ihm nach langem Kampf auch gelang und so ebenfalls auf 6.5 Punkte kommen lie\u00df.<!--more--> Wer nun von beiden gewonnen hatte, wurde schnell gekl\u00e4rt und es war ein \u00e4u\u00dferst knappes Endergebnis. Nach alter Rechenart hatte Friedhelm Schneider einen halben Buchholz-Punkt Vorsprung, nach der neuen Wertung der FIDE war es ein ganzer Punkt. Aber das war nun auch Egal. Herzlichen Gl\u00fcckwunsch an Friedhelm Schneider, aber auch an Werner Sonnhoff f\u00fcr diese Glanzleistung. Noch nie konnte ein Vizemeister ein solches Ergebnis vorweisen.<\/p>\n<p>&nbsp;<\/p>\n<p>Bei der am 15. Juni stattfindenden Jahreshauptversammlung werden folgende Preise vergeben.<\/p>\n<p>&nbsp;<\/p>\n<p>Friedhelm Schneider: Pokal, Urkunde und Titel.<\/p>\n<p>Werner Sonnhoff: Pokal und Urkunde.<\/p>\n<p>Ralf Teichgr\u00e4ber: Pokal und Urkunde.<\/p>\n<p>Jakub Rezakovic: Pokal und Urkunde als bester Senior \u00dc 60.<\/p>\n<p>Colin Klinkner: Pokal und Urkunde als Jugendvereinsmeister 2018.<\/p>\n<p>&nbsp;<\/p>\n<p>Zum Abschluss noch ein Wort zu Peter Schreieck: Trotz seiner schweren Erkrankung hielt er das Turnier durch und erreichte am Ende sogar noch Rang f\u00fcnf! Er blieb dabei am Brett unbesiegt, diesen Kampf und diesen Willen w\u00fcnsche ich ihm auch beim Sieg \u00fcber seine Krankheit.<\/p>\n<p>&nbsp;<\/p>\n<ol start=\"7\">\n<li>Runde<\/li>\n<\/ol>\n<p>&nbsp;<\/p>\n<table>\n<tbody>\n<tr>\n<td width=\"205\">Friedhelm Schneider<\/td>\n<td width=\"205\">1:0<\/td>\n<td width=\"205\">Michael Sefeloge<\/td>\n<\/tr>\n<tr>\n<td width=\"205\">Kurt Sanner<\/td>\n<td width=\"205\">0:1<\/td>\n<td width=\"205\">Werner Sonnhoff<\/td>\n<\/tr>\n<tr>\n<td width=\"205\">Elsin Smakic<\/td>\n<td width=\"205\">0:1<\/td>\n<td width=\"205\">Ralf Teichgr\u00e4ber<\/td>\n<\/tr>\n<tr>\n<td width=\"205\">Peter Schreieck<\/td>\n<td width=\"205\">1:0<\/td>\n<td width=\"205\">Joshua Lenz<\/td>\n<\/tr>\n<tr>\n<td width=\"205\">David Meuer<\/td>\n<td width=\"205\">0:1<\/td>\n<td width=\"205\">Jakub Rezakovic<\/td>\n<\/tr>\n<tr>\n<td width=\"205\">Colin Klinkner<\/td>\n<td width=\"205\">1:0<\/td>\n<td width=\"205\">Tomislav Vekic<\/td>\n<\/tr>\n<tr>\n<td width=\"205\">Lasse Werling<\/td>\n<td width=\"205\">1:0<\/td>\n<td width=\"205\">Ben Seibel<\/td>\n<\/tr>\n<tr>\n<td width=\"205\">Jonathan Lenz<\/td>\n<td width=\"205\">0:1<\/td>\n<td width=\"205\">Dr. Axel M\u00fcller<\/td>\n<\/tr>\n<tr>\n<td width=\"205\">Elmar Wiskirchen<\/td>\n<td width=\"205\">1:0<\/td>\n<td width=\"205\">Christian Samtleben<\/td>\n<\/tr>\n<tr>\n<td width=\"205\">Ismail Smakic<\/td>\n<td width=\"205\">1:0<\/td>\n<td width=\"205\">Viktor Fohr<\/td>\n<\/tr>\n<\/tbody>\n<\/table>\n<p>&nbsp;<\/p>\n<p>&nbsp;<\/p>\n<p>Tabelle nach sieben Runden<\/p>\n<p>&nbsp;<\/p>\n<table>\n<tbody>\n<tr>\n<td width=\"64\"><strong>Rang<\/strong><\/td>\n<td width=\"293\"><strong>Teilnehmer<\/strong><\/td>\n<td width=\"85\"><strong>Punkte<\/strong><\/td>\n<td width=\"85\"><strong>BH<\/strong><\/td>\n<td width=\"87\"><strong>SB<\/strong><\/td>\n<\/tr>\n<tr>\n<td width=\"64\"><\/td>\n<td width=\"293\"><\/td>\n<td width=\"85\"><\/td>\n<td width=\"85\"><\/td>\n<td width=\"87\"><\/td>\n<\/tr>\n<tr>\n<td width=\"64\">1<\/td>\n<td width=\"293\">Friedhelm Schneider<\/td>\n<td width=\"85\">6.5<\/td>\n<td width=\"85\">29.5<\/td>\n<td width=\"87\">26.50<\/td>\n<\/tr>\n<tr>\n<td width=\"64\">2<\/td>\n<td width=\"293\">Werner Sonnhoff<\/td>\n<td width=\"85\">6.5<\/td>\n<td width=\"85\">28.5<\/td>\n<td width=\"87\">25.50<\/td>\n<\/tr>\n<tr>\n<td width=\"64\">3<\/td>\n<td width=\"293\">Ralf Teichgr\u00e4ber<\/td>\n<td width=\"85\">4.5<\/td>\n<td width=\"85\">29.5<\/td>\n<td width=\"87\">16.50<\/td>\n<\/tr>\n<tr>\n<td width=\"64\">4<\/td>\n<td width=\"293\">Jakub Rezakovic<\/td>\n<td width=\"85\">4.5<\/td>\n<td width=\"85\">28.5<\/td>\n<td width=\"87\">15.75<\/td>\n<\/tr>\n<tr>\n<td width=\"64\">5<\/td>\n<td width=\"293\">Peter Schreieck<\/td>\n<td width=\"85\">4.5<\/td>\n<td width=\"85\">27.0<\/td>\n<td width=\"87\">16.25<\/td>\n<\/tr>\n<tr>\n<td width=\"64\">6<\/td>\n<td width=\"293\">Michael Sefeloge<\/td>\n<td width=\"85\">4.0<\/td>\n<td width=\"85\">30.5<\/td>\n<td width=\"87\">13.50<\/td>\n<\/tr>\n<tr>\n<td width=\"64\">7<\/td>\n<td width=\"293\">Colin Klinkner<\/td>\n<td width=\"85\">4.0<\/td>\n<td width=\"85\">24.5<\/td>\n<td width=\"87\">10.50<\/td>\n<\/tr>\n<tr>\n<td width=\"64\">8<\/td>\n<td width=\"293\">David Meuer<\/td>\n<td width=\"85\">3.5<\/td>\n<td width=\"85\">28.5<\/td>\n<td width=\"87\">10.50<\/td>\n<\/tr>\n<tr>\n<td width=\"64\">9<\/td>\n<td width=\"293\">Kurt Sanner<\/td>\n<td width=\"85\">3.5<\/td>\n<td width=\"85\">28.0<\/td>\n<td width=\"87\">11.50<\/td>\n<\/tr>\n<tr>\n<td width=\"64\">10<\/td>\n<td width=\"293\">Elsin Smakic<\/td>\n<td width=\"85\">3.5<\/td>\n<td width=\"85\">23.5<\/td>\n<td width=\"87\">9.00<\/td>\n<\/tr>\n<tr>\n<td width=\"64\">11<\/td>\n<td width=\"293\">Joshua Lenz<\/td>\n<td width=\"85\">3.5<\/td>\n<td width=\"85\">23.5<\/td>\n<td width=\"87\">6.00<\/td>\n<\/tr>\n<tr>\n<td width=\"64\">12<\/td>\n<td width=\"293\">Dr. Axel M\u00fcller<\/td>\n<td width=\"85\">3.5<\/td>\n<td width=\"85\">23.0<\/td>\n<td width=\"87\">7.50<\/td>\n<\/tr>\n<tr>\n<td width=\"64\">13<\/td>\n<td width=\"293\">Lasse Werling<\/td>\n<td width=\"85\">3.5<\/td>\n<td width=\"85\">21.5<\/td>\n<td width=\"87\">7.75<\/td>\n<\/tr>\n<tr>\n<td width=\"64\">14<\/td>\n<td width=\"293\">Tomislav Vekic<\/td>\n<td width=\"85\">3.0<\/td>\n<td width=\"85\">20.5<\/td>\n<td width=\"87\">4.50<\/td>\n<\/tr>\n<tr>\n<td width=\"64\">15<\/td>\n<td width=\"293\">Elmar Wiskirchen<\/td>\n<td width=\"85\">2.5<\/td>\n<td width=\"85\">23.5<\/td>\n<td width=\"87\">5.75<\/td>\n<\/tr>\n<tr>\n<td width=\"64\">16<\/td>\n<td width=\"293\">Ben Seibel<\/td>\n<td width=\"85\">2.5<\/td>\n<td width=\"85\">18.5<\/td>\n<td width=\"87\">5.00<\/td>\n<\/tr>\n<tr>\n<td width=\"64\">17<\/td>\n<td width=\"293\">Ismail Smakic<\/td>\n<td width=\"85\">2.5<\/td>\n<td width=\"85\">18.0<\/td>\n<td width=\"87\">3.25<\/td>\n<\/tr>\n<tr>\n<td width=\"64\">18<\/td>\n<td width=\"293\">Christian Samtleben<\/td>\n<td width=\"85\">2.0<\/td>\n<td width=\"85\">22.0<\/td>\n<td width=\"87\">5.00<\/td>\n<\/tr>\n<tr>\n<td width=\"64\">19<\/td>\n<td width=\"293\">Jonathan Lenz<\/td>\n<td width=\"85\">2.0<\/td>\n<td width=\"85\">20.0<\/td>\n<td width=\"87\">3.00<\/td>\n<\/tr>\n<tr>\n<td width=\"64\">20<\/td>\n<td width=\"293\">Viktor Fohr<\/td>\n<td width=\"85\">0.0<\/td>\n<td width=\"85\">19.5<\/td>\n<td width=\"87\">0.00<\/td>\n<\/tr>\n<\/tbody>\n<\/table>\n<p><b>\u00a0<\/b><\/p>\n<p><img loading=\"lazy\" decoding=\"async\" class=\"alignright size-medium wp-image-3652\" src=\"https:\/\/turm-lahnstein.de\/wp-content\/uploads\/2018\/04\/20180420_1954191.jpg?w=300\" alt=\"\" width=\"300\" height=\"169\" srcset=\"https:\/\/turm-lahnstein.de\/wp-content\/uploads\/2018\/04\/20180420_1954191.jpg 1200w, https:\/\/turm-lahnstein.de\/wp-content\/uploads\/2018\/04\/20180420_1954191-300x169.jpg 300w, https:\/\/turm-lahnstein.de\/wp-content\/uploads\/2018\/04\/20180420_1954191-1024x576.jpg 1024w, https:\/\/turm-lahnstein.de\/wp-content\/uploads\/2018\/04\/20180420_1954191-768x432.jpg 768w\" sizes=\"(max-width: 300px) 100vw, 300px\" \/><\/p>\n","protected":false},"excerpt":{"rendered":"<p>Bericht von Turnierleiter Michael Sefeloge, Bilder Peter Ley: Es war ein \u00fcberaus spannendes Finale in diesem Jahr. Werner Sonnhoff hatte in einer vorgezogenen Partie gegen Kurt Sanner gewonnen und notierte [&hellip;]<\/p>\n","protected":false},"author":4,"featured_media":0,"comment_status":"open","ping_status":"open","sticky":false,"template":"","format":"standard","meta":{"footnotes":""},"categories":[1],"tags":[],"_links":{"self":[{"href":"https:\/\/turm-lahnstein.de\/index.php?rest_route=\/wp\/v2\/posts\/3649"}],"collection":[{"href":"https:\/\/turm-lahnstein.de\/index.php?rest_route=\/wp\/v2\/posts"}],"about":[{"href":"https:\/\/turm-lahnstein.de\/index.php?rest_route=\/wp\/v2\/types\/post"}],"author":[{"embeddable":true,"href":"https:\/\/turm-lahnstein.de\/index.php?rest_route=\/wp\/v2\/users\/4"}],"replies":[{"embeddable":true,"href":"https:\/\/turm-lahnstein.de\/index.php?rest_route=%2Fwp%2Fv2%2Fcomments&post=3649"}],"version-history":[{"count":0,"href":"https:\/\/turm-lahnstein.de\/index.php?rest_route=\/wp\/v2\/posts\/3649\/revisions"}],"wp:attachment":[{"href":"https:\/\/turm-lahnstein.de\/index.php?rest_route=%2Fwp%2Fv2%2Fmedia&parent=3649"}],"wp:term":[{"taxonomy":"category","embeddable":true,"href":"https:\/\/turm-lahnstein.de\/index.php?rest_route=%2Fwp%2Fv2%2Fcategories&post=3649"},{"taxonomy":"post_tag","embeddable":true,"href":"https:\/\/turm-lahnstein.de\/index.php?rest_route=%2Fwp%2Fv2%2Ftags&post=3649"}],"curies":[{"name":"wp","href":"https:\/\/api.w.org\/{rel}","templated":true}]}}