{"id":3647,"date":"2018-04-19T06:00:57","date_gmt":"2018-04-19T06:00:57","guid":{"rendered":"https:\/\/turmlahnstein.wordpress.com\/?p=3647"},"modified":"2018-04-19T06:00:57","modified_gmt":"2018-04-19T06:00:57","slug":"pressebericht-lahnstein-vizemeister","status":"publish","type":"post","link":"https:\/\/turm-lahnstein.de\/?p=3647","title":{"rendered":"Pressebericht: Lahnstein Vizemeister!"},"content":{"rendered":"<p><img loading=\"lazy\" decoding=\"async\" class=\"alignright size-full wp-image-68\" src=\"https:\/\/turm-lahnstein.de\/wp-content\/uploads\/2012\/09\/friedhelm_col.jpg\" alt=\"\" width=\"254\" height=\"248\" \/>In der letzten Runde schloss die erste Mannschaft des Schachvereins Turm Lahnstein mit einem \u00fcberzeugenden 6 : 2 Sieg beim SV Andernach das Spieljahr der 2. Rheinland-Pfalz-Liga ab. Eine sportlich gut verlaufene Saison f\u00fchrte so letztlich noch zur Vizemeisterschaft in dieser Klasse, punkt- und brettpunktegleich mit dem VfR Koblenz. Meister SV Siershahn stand schon vor dieser Runde fest.<!--more--><\/p>\n<p>In der Achtermannschaft setzten die Lahnsteiner insgesamt f\u00fcnfzehn verschiedene Spieler ein, was andeutet, dass nicht das Spielerische das Problem ist, um ganz nach oben zu kommen, sondern die unregelm\u00e4\u00dfige Verf\u00fcgbarkeit der Spieler. Von den Spielern, die mehr als die H\u00e4lfte der Spiele bestritten, punkteten fast alle ordentlich: Herausragend Sabrina Ley mit 5,5 Punkten aus 7 Partien, Dennis Sanner am ersten Brett mit 5 \/ 7 und Julian Hastrich mit 4 \/ 5. Gut auch Mannschaftsf\u00fchrer Stephan B\u00fcchner und Ralf Teichgr\u00e4ber mit je 4 \/ 8, Peter Ley mit 3,5 \/ 7, Thomas Buch mit 3,5 \/ 5. Lediglich Bujar Murati war mit seinen 1,5 aus 6 nicht zufrieden.<\/p>\n<p>Zu den Spielabenden des Vereins freitags in der Pizzeria \u201ePinocchio\u201c, Schulstra\u00dfe sind Interessenten jeden Alters gerne willkommen. Die Jugendlichen trainieren und spielen ab 18.00 Uhr und die Erwachsenen ab 19.30 Uhr.<\/p>\n","protected":false},"excerpt":{"rendered":"<p>In der letzten Runde schloss die erste Mannschaft des Schachvereins Turm Lahnstein mit einem \u00fcberzeugenden 6 : 2 Sieg beim SV Andernach das Spieljahr der 2. Rheinland-Pfalz-Liga ab. Eine sportlich [&hellip;]<\/p>\n","protected":false},"author":4,"featured_media":0,"comment_status":"open","ping_status":"open","sticky":false,"template":"","format":"standard","meta":{"footnotes":""},"categories":[1],"tags":[],"_links":{"self":[{"href":"https:\/\/turm-lahnstein.de\/index.php?rest_route=\/wp\/v2\/posts\/3647"}],"collection":[{"href":"https:\/\/turm-lahnstein.de\/index.php?rest_route=\/wp\/v2\/posts"}],"about":[{"href":"https:\/\/turm-lahnstein.de\/index.php?rest_route=\/wp\/v2\/types\/post"}],"author":[{"embeddable":true,"href":"https:\/\/turm-lahnstein.de\/index.php?rest_route=\/wp\/v2\/users\/4"}],"replies":[{"embeddable":true,"href":"https:\/\/turm-lahnstein.de\/index.php?rest_route=%2Fwp%2Fv2%2Fcomments&post=3647"}],"version-history":[{"count":0,"href":"https:\/\/turm-lahnstein.de\/index.php?rest_route=\/wp\/v2\/posts\/3647\/revisions"}],"wp:attachment":[{"href":"https:\/\/turm-lahnstein.de\/index.php?rest_route=%2Fwp%2Fv2%2Fmedia&parent=3647"}],"wp:term":[{"taxonomy":"category","embeddable":true,"href":"https:\/\/turm-lahnstein.de\/index.php?rest_route=%2Fwp%2Fv2%2Fcategories&post=3647"},{"taxonomy":"post_tag","embeddable":true,"href":"https:\/\/turm-lahnstein.de\/index.php?rest_route=%2Fwp%2Fv2%2Ftags&post=3647"}],"curies":[{"name":"wp","href":"https:\/\/api.w.org\/{rel}","templated":true}]}}