{"id":364,"date":"2013-01-24T08:37:50","date_gmt":"2013-01-24T08:37:50","guid":{"rendered":"http:\/\/turmlahnstein.wordpress.com\/?p=364"},"modified":"2013-01-24T08:37:50","modified_gmt":"2013-01-24T08:37:50","slug":"auch-ersatzspieler-punkten-eifrig","status":"publish","type":"post","link":"https:\/\/turm-lahnstein.de\/?p=364","title":{"rendered":"Auch Ersatzspieler punkten eifrig"},"content":{"rendered":"<p><img loading=\"lazy\" decoding=\"async\" class=\"alignleft size-thumbnail wp-image-68\" alt=\"friedhelm_col\" src=\"https:\/\/turm-lahnstein.de\/wp-content\/uploads\/2012\/09\/friedhelm_col.jpg?w=150\" width=\"150\" height=\"146\" \/>Beim Schachverein Turm Lahnstein standen Mannschaftsk\u00e4mpfe der zweiten und der dritten. Mannschaft an. Beide Lahnsteiner Vertretungen hatten an diesem Wochenende durch Ausf\u00e4lle wegen Krankheit oder aus anderen wichtigen Gr\u00fcnden mit Aufstellungsproblemen zu k\u00e4mpfen. Um so erfreulicher war, dass sowohl die zweite in der Rheinland-Liga beim VfR Koblenz II mit 5: 3 die Oberhand behielt und auch die dritte beim favorisierten SC Einrich in der Bezirksliga mit 5,5:2,5 einen gl\u00e4nzenden Sieg landete.<\/p>\n<p><!--more--><br \/>\nDabei erzielten in der Rheinland-Liga Lukas Usczeck, Werner Sonnhoff, Peter Schreieck und Michael Sefeloge ganze Z\u00e4hler, obwohl sie zum Teil mehrere Bretter h\u00f6her als gemeldet zum Einsatz kamen. Adrian Persch und Friedhelm Schneider spielten an den Brettern eins und zwei jeweils Remis. In der Bezirksligamannschaft gewannen mit Sabrina Ley und Hans-Joachim Will zwei der eingesetzten Ersatzleute sowie aus der Stammbesetzung Alina Usczeck, Jan-Philipp G\u00f6bel und Kurt Sanner, der am ersten Brett seinen deutlich favorisierten Gegner zur Aufgabe zwang. Alexander Dranischnikow steuerte ein wertvolles Unentschieden zum Mannschaftserfolg bei.<\/p>\n","protected":false},"excerpt":{"rendered":"<p>Beim Schachverein Turm Lahnstein standen Mannschaftsk\u00e4mpfe der zweiten und der dritten. Mannschaft an. Beide Lahnsteiner Vertretungen hatten an diesem Wochenende durch Ausf\u00e4lle wegen Krankheit oder aus anderen wichtigen Gr\u00fcnden mit [&hellip;]<\/p>\n","protected":false},"author":2,"featured_media":0,"comment_status":"open","ping_status":"open","sticky":false,"template":"","format":"standard","meta":{"footnotes":""},"categories":[6,11,26],"tags":[74,56],"_links":{"self":[{"href":"https:\/\/turm-lahnstein.de\/index.php?rest_route=\/wp\/v2\/posts\/364"}],"collection":[{"href":"https:\/\/turm-lahnstein.de\/index.php?rest_route=\/wp\/v2\/posts"}],"about":[{"href":"https:\/\/turm-lahnstein.de\/index.php?rest_route=\/wp\/v2\/types\/post"}],"author":[{"embeddable":true,"href":"https:\/\/turm-lahnstein.de\/index.php?rest_route=\/wp\/v2\/users\/2"}],"replies":[{"embeddable":true,"href":"https:\/\/turm-lahnstein.de\/index.php?rest_route=%2Fwp%2Fv2%2Fcomments&post=364"}],"version-history":[{"count":0,"href":"https:\/\/turm-lahnstein.de\/index.php?rest_route=\/wp\/v2\/posts\/364\/revisions"}],"wp:attachment":[{"href":"https:\/\/turm-lahnstein.de\/index.php?rest_route=%2Fwp%2Fv2%2Fmedia&parent=364"}],"wp:term":[{"taxonomy":"category","embeddable":true,"href":"https:\/\/turm-lahnstein.de\/index.php?rest_route=%2Fwp%2Fv2%2Fcategories&post=364"},{"taxonomy":"post_tag","embeddable":true,"href":"https:\/\/turm-lahnstein.de\/index.php?rest_route=%2Fwp%2Fv2%2Ftags&post=364"}],"curies":[{"name":"wp","href":"https:\/\/api.w.org\/{rel}","templated":true}]}}