{"id":3629,"date":"2018-04-07T12:58:00","date_gmt":"2018-04-07T12:58:00","guid":{"rendered":"https:\/\/turmlahnstein.wordpress.com\/?p=3629"},"modified":"2018-04-07T12:58:00","modified_gmt":"2018-04-07T12:58:00","slug":"vereinsmeisterschaft-2018","status":"publish","type":"post","link":"https:\/\/turm-lahnstein.de\/?p=3629","title":{"rendered":"Vereinsmeisterschaft 2018"},"content":{"rendered":"<p>Bericht von Turnierleiter Michael Sefeloge:<\/p>\n<p>&nbsp;<\/p>\n<p>Nach der 6. Runde stehen zwei Spieler an der Spitze der Tabelle, die bisher alles gewonnen haben und nur untereinander Remis spielten. Deshalb wird der Titel in diesem Jahr in einem Fernduell entschieden werden. Von den beiden Spitzenbegegnungen habe ich, selbst besch\u00e4ftig, nicht viel mitbekommen. Ich konnte nur kurz sehen, dass Ralf Teichgr\u00e4ber mindestens zwei Figuren opferte, um den K\u00f6nig zu erlegen. Als dies fehlschlug, gab er die Partie auf.<!--more--> Joshua Lenz verlor \u00fcberraschend schnell seine Partie gegen Werner Sonnhoff, Einzelheiten wei\u00df ich nicht. Zwei Partien wurden vorgespielt, David Meuer und Peter Schreieck trennten sich ebenso friedlich wie Jakub Rezakovic und Kurt Sanner. Eine um vieles verbesserte Spielanlage als noch im letzten Jahr zeigte Lasse Werling dem Berichterstatter. Zwischenzeitlich drohte er sogar mit einem ein z\u00fcgigem Matt, welches nur mit einem Bauernopfer zu verhindern war. Wenn er jetzt noch in kritischen Situationen ein bisschen l\u00e4nger nachdenkt, ist er auf dem richtigen Weg. Elsin Smakic gab Dr. Axel M\u00fcller fast zwanzig Minuten vor, um dennoch \u00fcberraschend die Partie zu gewinnen. Das Gleiche gelang Tomislav Vekic gegen Elmar Wiskirchen, wo der Erstgenannte sogar eine halbe Stunde zu sp\u00e4t kam. Colin Klinkner konnte Christian Samtleben ebenso in die Schranken verweisen wie Ben Seibel Jonathan Lenz. Und da Ismail Smakic gegen Viktor Fohr kampflos gewann, d\u00fcrfen die beiden in der letzten Runde nach den Regeln der FIDE noch einmal gegeneinander spielen, diesmal aber hoffentlich am Brett.<\/p>\n<p>&nbsp;<\/p>\n<ol start=\"6\">\n<li>Runde<\/li>\n<\/ol>\n<p>&nbsp;<\/p>\n<table>\n<tbody>\n<tr>\n<td width=\"205\">Ralf Teichgr\u00e4ber<\/td>\n<td width=\"205\">0:1<\/td>\n<td width=\"205\">Friedhelm Schneider<\/td>\n<\/tr>\n<tr>\n<td width=\"205\">Joshua Lenz<\/td>\n<td width=\"205\">0:1<\/td>\n<td width=\"205\">Werner Sonnhoff<\/td>\n<\/tr>\n<tr>\n<td width=\"205\">David Meuer<\/td>\n<td width=\"205\">r<\/td>\n<td width=\"205\">Peter Schreieck<\/td>\n<\/tr>\n<tr>\n<td width=\"205\">Jakub Rezakovic<\/td>\n<td width=\"205\">r<\/td>\n<td width=\"205\">Kurt Sanner<\/td>\n<\/tr>\n<tr>\n<td width=\"205\">Michael Sefeloge<\/td>\n<td width=\"205\">1:0<\/td>\n<td width=\"205\">Lasse Werling<\/td>\n<\/tr>\n<tr>\n<td width=\"205\">Dr. Axel M\u00fcller<\/td>\n<td width=\"205\">0:1<\/td>\n<td width=\"205\">Elsin Smakic<\/td>\n<\/tr>\n<tr>\n<td width=\"205\">Colin Klinkner<\/td>\n<td width=\"205\">1:0<\/td>\n<td width=\"205\">Christian Samtleben<\/td>\n<\/tr>\n<tr>\n<td width=\"205\">Tomislav Vekic<\/td>\n<td width=\"205\">1:0<\/td>\n<td width=\"205\">Elmar Wiskirchen<\/td>\n<\/tr>\n<tr>\n<td width=\"205\">Ben Seibel<\/td>\n<td width=\"205\">1:0<\/td>\n<td width=\"205\">Jonathan Lenz<\/td>\n<\/tr>\n<tr>\n<td width=\"205\">Ismail Smakic<\/td>\n<td width=\"205\">+:-<\/td>\n<td width=\"205\">Viktor Fohr<\/td>\n<\/tr>\n<\/tbody>\n<\/table>\n<p>Auslosung der 7. Runde am 20.04.2018<\/p>\n<p>&nbsp;<\/p>\n<table>\n<tbody>\n<tr>\n<td width=\"205\">Friedhelm Schneider<\/td>\n<td width=\"205\">&nbsp;<\/td>\n<td width=\"205\">Michael Sefeloge<\/td>\n<\/tr>\n<tr>\n<td width=\"205\">Kurt Sanner<\/td>\n<td width=\"205\">&nbsp;<\/td>\n<td width=\"205\">Werner Sonnhoff<\/td>\n<\/tr>\n<tr>\n<td width=\"205\">Elsin Smakic<\/td>\n<td width=\"205\">&nbsp;<\/td>\n<td width=\"205\">Ralf Teichgr\u00e4ber<\/td>\n<\/tr>\n<tr>\n<td width=\"205\">Peter Schreieck<\/td>\n<td width=\"205\">&nbsp;<\/td>\n<td width=\"205\">Joshua Lenz<\/td>\n<\/tr>\n<tr>\n<td width=\"205\">David Meuer<\/td>\n<td width=\"205\">&nbsp;<\/td>\n<td width=\"205\">Jakub Rezakovic<\/td>\n<\/tr>\n<tr>\n<td width=\"205\">Colin Klinkner<\/td>\n<td width=\"205\">&nbsp;<\/td>\n<td width=\"205\">Tomislav Vekic<\/td>\n<\/tr>\n<tr>\n<td width=\"205\">Lasse Werling<\/td>\n<td width=\"205\">&nbsp;<\/td>\n<td width=\"205\">Ben Seibel<\/td>\n<\/tr>\n<tr>\n<td width=\"205\">Jonathan Lenz<\/td>\n<td width=\"205\">&nbsp;<\/td>\n<td width=\"205\">Dr. Axel M\u00fcller<\/td>\n<\/tr>\n<tr>\n<td width=\"205\">Elmar Wiskirchen<\/td>\n<td width=\"205\">&nbsp;<\/td>\n<td width=\"205\">Christian Samtleben<\/td>\n<\/tr>\n<tr>\n<td width=\"205\">Ismail Smakic<\/td>\n<td width=\"205\">&nbsp;<\/td>\n<td width=\"205\">Viktor Fohr<\/td>\n<\/tr>\n<\/tbody>\n<\/table>\n<p>&nbsp;<\/p>\n<p>&nbsp;<\/p>\n<p>Tabelle nach sechs Runden<\/p>\n<p>&nbsp;<\/p>\n<table>\n<tbody>\n<tr>\n<td width=\"64\"><strong>Rang<\/strong><\/td>\n<td width=\"293\"><strong>Teilnehmer<\/strong><\/td>\n<td width=\"85\"><strong>Punkte<\/strong><\/td>\n<td width=\"85\"><strong>BH<\/strong><\/td>\n<td width=\"87\"><strong>SB<\/strong><\/td>\n<\/tr>\n<tr>\n<td width=\"64\">&nbsp;<\/td>\n<td width=\"293\">&nbsp;<\/td>\n<td width=\"85\">&nbsp;<\/td>\n<td width=\"85\">&nbsp;<\/td>\n<td width=\"87\">&nbsp;<\/td>\n<\/tr>\n<tr>\n<td width=\"64\">1<\/td>\n<td width=\"293\">Werner Sonnhoff<\/td>\n<td width=\"85\">5.5<\/td>\n<td width=\"85\">22.5<\/td>\n<td width=\"87\">20.00<\/td>\n<\/tr>\n<tr>\n<td width=\"64\">2<\/td>\n<td width=\"293\">Friedhelm Schneider<\/td>\n<td width=\"85\">5.5<\/td>\n<td width=\"85\">20.0<\/td>\n<td width=\"87\">17.50<\/td>\n<\/tr>\n<tr>\n<td width=\"64\">3<\/td>\n<td width=\"293\">Michael Sefeloge<\/td>\n<td width=\"85\">4.0<\/td>\n<td width=\"85\">19.5<\/td>\n<td width=\"87\">10.50<\/td>\n<\/tr>\n<tr>\n<td width=\"64\">4<\/td>\n<td width=\"293\">Ralf Teichgr\u00e4ber<\/td>\n<td width=\"85\">3.5<\/td>\n<td width=\"85\">24.0<\/td>\n<td width=\"87\">12.50<\/td>\n<\/tr>\n<tr>\n<td width=\"64\">5<\/td>\n<td width=\"293\">Peter Schreieck<\/td>\n<td width=\"85\">3.5<\/td>\n<td width=\"85\">21.0<\/td>\n<td width=\"87\">10.75<\/td>\n<\/tr>\n<tr>\n<td width=\"64\">6<\/td>\n<td width=\"293\">Jakub Rezakovic<\/td>\n<td width=\"85\">3.5<\/td>\n<td width=\"85\">21.0<\/td>\n<td width=\"87\">10.25<\/td>\n<\/tr>\n<tr>\n<td width=\"64\">7<\/td>\n<td width=\"293\">David Meuer<\/td>\n<td width=\"85\">3.5<\/td>\n<td width=\"85\">20.0<\/td>\n<td width=\"87\">9.00<\/td>\n<\/tr>\n<tr>\n<td width=\"64\">8<\/td>\n<td width=\"293\">Kurt Sanner<\/td>\n<td width=\"85\">3.5<\/td>\n<td width=\"85\">17.0<\/td>\n<td width=\"87\">9.00<\/td>\n<\/tr>\n<tr>\n<td width=\"64\">9<\/td>\n<td width=\"293\">Elsin Smakic<\/td>\n<td width=\"85\">3.5<\/td>\n<td width=\"85\">16.0<\/td>\n<td width=\"87\">7.50<\/td>\n<\/tr>\n<tr>\n<td width=\"64\">10<\/td>\n<td width=\"293\">Joshua Lenz<\/td>\n<td width=\"85\">3.5<\/td>\n<td width=\"85\">14.5<\/td>\n<td width=\"87\">4.50<\/td>\n<\/tr>\n<tr>\n<td width=\"64\">11<\/td>\n<td width=\"293\">Colin Klinkner<\/td>\n<td width=\"85\">3.0<\/td>\n<td width=\"85\">19.0<\/td>\n<td width=\"87\">7.00<\/td>\n<\/tr>\n<tr>\n<td width=\"64\">12<\/td>\n<td width=\"293\">Tomislav Vekic<\/td>\n<td width=\"85\">3.0<\/td>\n<td width=\"85\">14.0<\/td>\n<td width=\"87\">3.50<\/td>\n<\/tr>\n<tr>\n<td width=\"64\">13<\/td>\n<td width=\"293\">Dr. Axel M\u00fcller<\/td>\n<td width=\"85\">2.5<\/td>\n<td width=\"85\">19.5<\/td>\n<td width=\"87\">5.50<\/td>\n<\/tr>\n<tr>\n<td width=\"64\">14<\/td>\n<td width=\"293\">Lasse Werling<\/td>\n<td width=\"85\">2.5<\/td>\n<td width=\"85\">16.5<\/td>\n<td width=\"87\">4.25<\/td>\n<\/tr>\n<tr>\n<td width=\"64\">15<\/td>\n<td width=\"293\">Ben Seibel<\/td>\n<td width=\"85\">2.5<\/td>\n<td width=\"85\">12.5<\/td>\n<td width=\"87\">3.50<\/td>\n<\/tr>\n<tr>\n<td width=\"64\">16<\/td>\n<td width=\"293\">Christian Samtleben<\/td>\n<td width=\"85\">2.0<\/td>\n<td width=\"85\">17.0<\/td>\n<td width=\"87\">4.00<\/td>\n<\/tr>\n<tr>\n<td width=\"64\">17<\/td>\n<td width=\"293\">Jonathan Lenz<\/td>\n<td width=\"85\">2.0<\/td>\n<td width=\"85\">15.0<\/td>\n<td width=\"87\">2.50<\/td>\n<\/tr>\n<tr>\n<td width=\"64\">18<\/td>\n<td width=\"293\">Elmar Wiskirchen<\/td>\n<td width=\"85\">1.5<\/td>\n<td width=\"85\">20.0<\/td>\n<td width=\"87\">3.25<\/td>\n<\/tr>\n<tr>\n<td width=\"64\">19<\/td>\n<td width=\"293\">Ismail Smakic<\/td>\n<td width=\"85\">1.5<\/td>\n<td width=\"85\">15.5<\/td>\n<td width=\"87\">2.25<\/td>\n<\/tr>\n<tr>\n<td width=\"64\">20<\/td>\n<td width=\"293\">Viktor Fohr<\/td>\n<td width=\"85\">0.0<\/td>\n<td width=\"85\">15.5<\/td>\n<td width=\"87\">0.00<\/td>\n<\/tr>\n<\/tbody>\n<\/table>\n<p>&nbsp;<\/p>\n","protected":false},"excerpt":{"rendered":"<p>Bericht von Turnierleiter Michael Sefeloge: &nbsp; Nach der 6. Runde stehen zwei Spieler an der Spitze der Tabelle, die bisher alles gewonnen haben und nur untereinander Remis spielten. Deshalb wird [&hellip;]<\/p>\n","protected":false},"author":4,"featured_media":0,"comment_status":"open","ping_status":"open","sticky":false,"template":"","format":"standard","meta":{"footnotes":""},"categories":[1],"tags":[],"_links":{"self":[{"href":"https:\/\/turm-lahnstein.de\/index.php?rest_route=\/wp\/v2\/posts\/3629"}],"collection":[{"href":"https:\/\/turm-lahnstein.de\/index.php?rest_route=\/wp\/v2\/posts"}],"about":[{"href":"https:\/\/turm-lahnstein.de\/index.php?rest_route=\/wp\/v2\/types\/post"}],"author":[{"embeddable":true,"href":"https:\/\/turm-lahnstein.de\/index.php?rest_route=\/wp\/v2\/users\/4"}],"replies":[{"embeddable":true,"href":"https:\/\/turm-lahnstein.de\/index.php?rest_route=%2Fwp%2Fv2%2Fcomments&post=3629"}],"version-history":[{"count":0,"href":"https:\/\/turm-lahnstein.de\/index.php?rest_route=\/wp\/v2\/posts\/3629\/revisions"}],"wp:attachment":[{"href":"https:\/\/turm-lahnstein.de\/index.php?rest_route=%2Fwp%2Fv2%2Fmedia&parent=3629"}],"wp:term":[{"taxonomy":"category","embeddable":true,"href":"https:\/\/turm-lahnstein.de\/index.php?rest_route=%2Fwp%2Fv2%2Fcategories&post=3629"},{"taxonomy":"post_tag","embeddable":true,"href":"https:\/\/turm-lahnstein.de\/index.php?rest_route=%2Fwp%2Fv2%2Ftags&post=3629"}],"curies":[{"name":"wp","href":"https:\/\/api.w.org\/{rel}","templated":true}]}}