{"id":3612,"date":"2018-03-22T05:46:12","date_gmt":"2018-03-22T05:46:12","guid":{"rendered":"https:\/\/turmlahnstein.wordpress.com\/?p=3612"},"modified":"2018-03-22T05:46:12","modified_gmt":"2018-03-22T05:46:12","slug":"pressebericht-auf-abstiegsplatz-gelandet","status":"publish","type":"post","link":"https:\/\/turm-lahnstein.de\/?p=3612","title":{"rendered":"Pressebericht: Auf Abstiegsplatz gelandet"},"content":{"rendered":"<p><img loading=\"lazy\" decoding=\"async\" class=\"alignright size-full wp-image-68\" src=\"https:\/\/turm-lahnstein.de\/wp-content\/uploads\/2012\/09\/friedhelm_col.jpg\" alt=\"\" width=\"254\" height=\"248\" \/>Dass die Saison der Rheinland-Liga f\u00fcr die zweite Mannschaft des Schachvereins Turm Lahnstein sportlich schwer w\u00fcrde, stand schon zu Beginn des Spieljahres fest. Nach einer 2 : 6 Niederlage in der letzten Runde gegen den VfR Koblenz II, der einen Sieg brauchte, um seine Meisterschaft unter Dach und Fach zu bringen, m\u00fcssen die Lahnsteiner Schachfreunde die Tatsache realisieren, dass mit 4 : 14 Punkten nur der 9. und damit vorletzte Platz erzielt werden konnte, was den Abstieg aus der Rheinland-Liga bedeutet. <!--more-->Nicht nur die sportliche Herausforderung war hoch, sondern letztlich erwies sich die Spielerdecke als zu d\u00fcnn. Mehrere Stammspieler standen aus verschiedenen Gr\u00fcnden nicht regelm\u00e4\u00dfig zur Verf\u00fcgung und leider konnten aus den Reihen der Ersatzspieler mehrmals nicht alle L\u00fccken gef\u00fcllt werden, so dass einzelne Bretter offen blieben und einzelne Partien kampflos verloren gingen. Dieser Situation wird insbesondere bei knappen Spielausg\u00e4ngen nachgetrauert und l\u00e4sst Fragen \u201ewas w\u00e4re wenn\u201c zu.<\/p>\n<p>Tatsache ist, dass nur sechs Spieler mehr als die H\u00e4lfte der neun Saisonspiele mitgemacht haben, was beim Wettkampf an acht Brettern die Probleme andeutet, eine vollst\u00e4ndige Mannschaft aufzubieten. Michael Sefeloge sammelte mit 6 Punkten aus acht Partien die meisten Punkte und wurde damit Brettmeister am achten Brett. Auch Friedhelm Schneider kann mit 5,5 Punkten aus neun Partien am zweiten oder dritten Brett zufrieden sein. Peter Schreieck, Werner Sonnhoff, Hans-Joachim Will und Joshua Lenz blieben jeweils mehr oder weniger knapp unter 50% der m\u00f6glichen Punkte. Ob der Abstieg feststehende Sache bleibt, h\u00e4ngt letzten Endes vom Ausgang h\u00f6herer Klassen ab, deren Spieljahr sich bis Ende April erstreckt.<\/p>\n","protected":false},"excerpt":{"rendered":"<p>Dass die Saison der Rheinland-Liga f\u00fcr die zweite Mannschaft des Schachvereins Turm Lahnstein sportlich schwer w\u00fcrde, stand schon zu Beginn des Spieljahres fest. Nach einer 2 : 6 Niederlage in [&hellip;]<\/p>\n","protected":false},"author":4,"featured_media":0,"comment_status":"open","ping_status":"open","sticky":false,"template":"","format":"standard","meta":{"footnotes":""},"categories":[1],"tags":[],"_links":{"self":[{"href":"https:\/\/turm-lahnstein.de\/index.php?rest_route=\/wp\/v2\/posts\/3612"}],"collection":[{"href":"https:\/\/turm-lahnstein.de\/index.php?rest_route=\/wp\/v2\/posts"}],"about":[{"href":"https:\/\/turm-lahnstein.de\/index.php?rest_route=\/wp\/v2\/types\/post"}],"author":[{"embeddable":true,"href":"https:\/\/turm-lahnstein.de\/index.php?rest_route=\/wp\/v2\/users\/4"}],"replies":[{"embeddable":true,"href":"https:\/\/turm-lahnstein.de\/index.php?rest_route=%2Fwp%2Fv2%2Fcomments&post=3612"}],"version-history":[{"count":0,"href":"https:\/\/turm-lahnstein.de\/index.php?rest_route=\/wp\/v2\/posts\/3612\/revisions"}],"wp:attachment":[{"href":"https:\/\/turm-lahnstein.de\/index.php?rest_route=%2Fwp%2Fv2%2Fmedia&parent=3612"}],"wp:term":[{"taxonomy":"category","embeddable":true,"href":"https:\/\/turm-lahnstein.de\/index.php?rest_route=%2Fwp%2Fv2%2Fcategories&post=3612"},{"taxonomy":"post_tag","embeddable":true,"href":"https:\/\/turm-lahnstein.de\/index.php?rest_route=%2Fwp%2Fv2%2Ftags&post=3612"}],"curies":[{"name":"wp","href":"https:\/\/api.w.org\/{rel}","templated":true}]}}